



{"id":14215,"date":"2017-04-12T10:07:32","date_gmt":"2017-04-12T09:07:32","guid":{"rendered":"https:\/\/www.colchones.es\/informacion\/?p=14215"},"modified":"2024-09-24T15:57:15","modified_gmt":"2024-09-24T14:57:15","slug":"dormir-incorporado","status":"publish","type":"post","link":"https:\/\/www.colchones.es\/informacion\/dormir-incorporado\/","title":{"rendered":"\u00bfEs bueno dormir incorporado?"},"content":{"rendered":"<p align=\"justify\">Seguro que en m\u00e1s de una ocasi\u00f3n te has quedado dormido incorporado. Quiz\u00e1s cuando est\u00e1s resfriado o con gripe, si estabas viendo la tele en la habitaci\u00f3n, cuando est\u00e1s pasando por un per\u00edodo de embarazo, o simplemente porque tienes la costumbre de dormir as\u00ed. Pero, <strong>\u00bfes bueno dormir incorporado?<\/strong> \u00bfpuede provocar da\u00f1os en nuestra salud?<\/p>\n<p align=\"justify\">En este post nos gustar\u00eda hablarte sobre las <strong>posturas para dormir<\/strong>, concretamente sobre c\u00f3mo te afecta el hecho de quedarte a dormir un poco reclinado, sus ventajas e inconvenientes, en qu\u00e9 situaciones no queda m\u00e1s remedio que hacerlo y qu\u00e9\u00a0<a href=\"https:\/\/www.colchones.es\/somier\/articulado\/\">instrumentos de descanso<\/a> te podemos recomendar.<\/p>\n<p align=\"justify\"><b><\/b><\/p>\n<p align=\"justify\"><!--more--><\/p>\n<p align=\"justify\"><\/p>\n<h2 style=\"text-align: justify;\"><span style=\"font-size: 120%; color: #993366;\">Ventajas de dormir incorporado<\/span><\/h2>\n<p align=\"justify\">Dormir incorporado puede tener algunas <strong>ventajas<\/strong> para ti si decides hacerlo:<\/p>\n<div align=\"justify\">\n<ul>\n<li><strong>Te ayuda a evitar los ronquidos:<\/strong> tener la cabeza inclinada sobre el tronco ayuda a evitar los ronquidos. Al poder respirar mejor y tener una posici\u00f3n que facilita la desobstrucci\u00f3n de la garganta, podr\u00e1s reducir en parte la tendencia a roncar por la noche.<\/li>\n<li><strong>Facilita la circulaci\u00f3n:<\/strong> \u00bfCu\u00e1ntas veces no te ha pasado que te despiertas por la noche y notas problemas de circulaci\u00f3n en las piernas? La postura completamente recta favorece que tengas estos problemas circulatorios. En cambio, dormir un poco incorporado, o incluso levantando las piernas, ayudar\u00e1 al flujo sangu\u00edneo.<\/li>\n<li><strong>Reduce el reflujo g\u00e1strico:<\/strong> dormir incorporado te ayuda tambi\u00e9n a hacer la digesti\u00f3n, ya que cuando duermes en l\u00ednea recta es m\u00e1s f\u00e1cil que el reflujo g\u00e1strico se extienda por tu es\u00f3fago.<\/li>\n<li><strong>Ayuda a la respiraci\u00f3n:<\/strong> otra de las razones por las que es bueno dormir con la parte del tronco superior incorporada es sin duda la respiraci\u00f3n.<\/li>\n<\/ul>\n<\/div>\n<p align=\"justify\">De entrada, siempre hay que decir que toda postura en la que la espalda no se encuentre en una posici\u00f3n c\u00f3moda, y no tenga un soporte adecuado que la sustente, a la larga va a ser <strong>perjudicial para la salud<\/strong>.<\/p>\n<h3 style=\"text-align: justify;\"><span style=\"font-size: 120%; color: #993366;\">\u00bfEn qu\u00e9 casos es recomendable dormir inclinado?<\/span><\/h3>\n<p align=\"justify\">Habr\u00e1 momentos en los que, por diversas razones, lo mejor para ti ser\u00e1 que duermas inclinado. Por ejemplo:<\/p>\n<div align=\"justify\">\n<ul>\n<li><strong>Cuando tienes la gripe o problemas de congesti\u00f3n nasal.<\/strong> Cuando tenemos problemas de congesti\u00f3n nasal, es evidente que tendremos dificultades para respirar. Por tanto, procura dormir de forma incorporada para evitar la sensaci\u00f3n de ahogo.<\/li>\n<li>Si experimentas <strong>problemas digestivos<\/strong>. Si tienes problemas de reflujo g\u00e1strico durante la noche o dolor de est\u00f3mago, s\u00ed es recomendable que duermas un poco inclinado. Dormir totalmente inclinados potencia que el reflujo g\u00e1strico vuelva a subir por nuestro es\u00f3fago, mientras que si dormimos incorporados lo disuade.<\/li>\n<li>En caso de que tengas alg\u00fan<strong> problema respiratorio<\/strong>: al tener el rostro un poco incorporado, nos resultar\u00e1 m\u00e1s f\u00e1cil tomar aire para respirar. En las habitaciones poco ventiladas o cuando tenemos problemas respiratorios, tener la cama un poco inclinada hacia arriba nos ayudar\u00e1 a respirar mejor.<\/li>\n<li><strong>Durante el embarazo:<\/strong> la postura m\u00e1s correcta para dormir durante el embarazo es sobre el lado izquierdo y un poco incorporada.<\/li>\n<li>Si vas a <strong>leer, ver la televisi\u00f3n<\/strong> o hacer cualquier actividad que requiera estar incorporado y en la que corras el riesgo de quedarte dormido.<\/li>\n<\/ul>\n<\/div>\n<h3 style=\"text-align: justify;\"><span style=\"font-size: 120%; color: #993366;\">\u00bfQu\u00e9 desventajas tiene dormir incorporado?<\/span><\/h3>\n<p align=\"justify\">No es bueno que duermas inclinado cuando no colocas tu cabeza y tu tronco en la <strong>posici\u00f3n adecuada<\/strong>. Hay posturas que son claramente perjudiciales para ti, como por ejemplo:<\/p>\n<div align=\"justify\">\n<ul>\n<li>Incorporarte para leer utilizando el cabezal como soporte, coloc\u00e1ndote completamente en un <strong>\u00e1ngulo de 90\u00ba<\/strong>, pero con un soporte duro y generalmente de madera o metal.<\/li>\n<li>Colocar varias almohadas hasta el punto de que tu tronco tiende a formar un <strong>\u00e1ngulo recto<\/strong>, una posici\u00f3n inc\u00f3moda ya que no llegas a estar sentado, pero tampoco reclinado, y no tienes un soporte lo suficiente firme como para no tener que forzar la espalda en esa posici\u00f3n.<\/li>\n<\/ul>\n<\/div>\n<p align=\"justify\">Los principales problemas que pueden surgir si duermes as\u00ed es el <strong>dolor de cervicales, lumbares y espalda en general<\/strong>. Por otra parte, dormir de esta forma tambi\u00e9n potenciar\u00e1 que debido a la incomodidad te despiertes m\u00e1s f\u00e1cilmente durante la noche y te resulte m\u00e1s complicado conciliar el sue\u00f1o y disfrutar de un buen descanso.<\/p>\n<h2 style=\"text-align: justify;\"><span style=\"font-size: 120%; color: #993366;\">\u00bfC\u00f3mo dormir incorporado correctamente?<\/span><\/h2>\n<p style=\"text-align: justify;\">Dormir incorporado no es necesariamente para todo el mundo. De hecho, no te aconsejamos hacerlo si tu colch\u00f3n, tu somier y tus almohadas no te proporcionan las condiciones adecuadas para disfrutar del descanso.<\/p>\n<h3><span style=\"font-size: 120%; color: #993366;\">Almohadas cervicales<\/span><\/h3>\n<p style=\"text-align: justify;\">La soluci\u00f3n no es poner muchas almohadas, una encima de otra, sino asegurarse de que <strong>tu cabeza quede en un \u00e1ngulo de m\u00e1s de 135\u00ba<\/strong>. Aseg\u00farate en cualquier caso de que tienes una buena almohada terap\u00e9utica que te permita sostener las cervicales y no deje espacio entre la parte posterior del tronco y la cama.<\/p>\n<p style=\"text-align: justify;\">La <strong>almohada Physio Papillon de Bellson<\/strong> es adecuada para la zona cervical, por su forma ergon\u00f3mica. Es una almohada cervical con fibra hueca siliconada 100% reciclada y funda exterior de microfibra. Adem\u00e1s, est\u00e1 tratada contra los \u00e1caros.<\/p>\n<p><span style=\"font-weight: 400;\"><style>\n\t\t.cajaMinifichaBlog{display: table;width: 100%;padding:15px 20px;border: solid 1px #efefef;margin-bottom: 20px;border-radius: 5px;}\n\t\t\t.imagenMinifichaBlog{width:20%; display:table-cell;  vertical-align:middle;  margin-right: 1%;}\n\t\t\t.imagenMinifichaBlog img{vertical-align:middle;}\n\t\t\t.bloqueContenidoMinifichaBlog{width:57%;display:table-cell;    vertical-align: top; padding:0 3%}\n\t\t\t\t.tituloMinifichaBlog{font-size: 17px;    color: black;    display: inline-block;    width: 100%;    font-weight: bold;}\n\t\t\t\t.tituloMinifichaBlog a{color: black;font-size: 17px;}\n\t\t\t\t.contenidoMinifichaBlog{font-size:14px; color:black;display:inline-block; width:100%;}\n\t\t\t\t.opinionMinifichaBlog{    font-size: 13px;    color: black;    font-style: italic;    display: inline-block;    width: 100%;    padding: 5px 10px;    background: #009b9f45;    border-radius: 9px;    margin-top: 8px;}\n\t\t\t.bloquePrecioyBotonMinifichaBlog{width:20%;display:table-cell;vertical-align: middle;text-align:right}\n\t\t\t\t.precioDesdeMinifichaBlog{    display: inline-block;    width: 90%;    font-size: 20px;    text-align: center;    font-weight: bold;    color: #c3305d;}\n\t\t\t\t.botonMinifichaBlog{display:inline-block; width:100%;}\n\t\t\t\t.botonMinifichaBlog a{display: inline-block;width: 90%;    background: #c3305d;    text-align: center;    color: white !important;    border-radius: 3px;    padding: 3px 5px;}\n\t\t\t\t.botonMinifichaBlog a:hover{background:#c3305d66; text-decoration:none}\n\t\t\t\t@media (max-width: 768px){\n\t\t\t\t\t.cajaMinifichaBlog{width:49%;margin-right:1%;padding:10px 15px;}\n\t\t\t\t\t.imagenMinifichaBlog{width:100%}\n\t\t\t\t\t.imagenMinifichaBlog img{width:100%}\n\t\t\t\t\t.bloqueContenidoMinifichaBlog{width:100%}\n\t\t\t\t\t.opinionMinifichaBlog{display:none;}\n\t\t\t\n\t\t\t\t\t.bloquePrecioyBotonMinifichaBlog{width:100%}\n\t\t\t\t\t.precioDesdeMinifichaBlog{width:100%}\n\t\t\t\t\t.botonMinifichaBlog{width:100%}\n\t\t\t\t\t.tituloMinifichaBlog{font-size: 14px;}\n\t\t\t\t\t.tituloMinifichaBlog a{color: black;font-size: 14px;}\n\t\t\t\t\t.contenidoMinifichaBlog{font-size:13px;}\n\t\t\t\t\t.botonMinifichaBlog a{width: 100%;}    \n\t\t\t\t}\n\t\t\t<\/style><div class=\"cajaMinifichaBlog\">\n\t\t\t\t<div class=\"imagenMinifichaBlog\">\n\t\t\t\t\t<a href=\"https:\/\/www.colchones.es\/almohadas\/Papillon-Bellson-fibra-reciclada-microfibra-ergonomica\/\" onclick=\"\n\t\t\t\tgtag('event', 'clic', { 'event_category' : 'minifichaBlog', 'event_label' : 'minifichaBlog_1672'});\"><img decoding=\"async\" src=\"https:\/\/www.colchones.es\/fotos\/slider\/almohadas-Papillon-Bellson-fibra-reciclada-microfibra-ergonomica--1672_3.jpg\"><\/a>\n\t\t\t\t<\/div>\n\t\t\t\t<div class=\"bloqueContenidoMinifichaBlog\">\n\t\t\t\t\t<div class=\"tituloMinifichaBlog\"><a href=\"https:\/\/www.colchones.es\/almohadas\/Papillon-Bellson-fibra-reciclada-microfibra-ergonomica\/\" onclick=\"gtag('event', 'clic', { 'event_category' : 'minifichaBlog', 'event_label' : 'minifichaBlog_1672'});insClickStats('','minifichaBlog_1672','https:\/\/www.colchones.es\/informacion\/wp-json\/wp\/v2\/posts\/14215')\">almohada Physio Papillon de Bellson<\/a><\/div>\n\t\t\t\t\t<div class=\"contenidoMinifichaBlog\">Almohada Physio Papillon de Bellson, microfibra ergon\u00f3mica<\/div><div class=\"opinionMinifichaBlog\"><span style=\"font-size:14px; font-weight:bold\">&ldquo;<\/span>Llevaba a\u00f1os con una almohada plana que no apoyaba nada. Estren\u00e9 la almohada Bellson y no sab\u00eda lo mal que dorm\u00eda hasta ahora. Destaco sobre todo el relleno de fibra, esponjoso, marca la diferencia. Clara me asesor\u00f3 en la elecci\u00f3n de la medida y acert\u00f3 de pleno, muy profesional. Sin duda, un acierto.<span style=\"font-size:14px;font-weight:bold\">&rdquo;<\/span><\/div>\n\t\t\t\t\t<\/div>\n\t\t\t\t<div class=\"bloquePrecioyBotonMinifichaBlog\">\n\t\t\t\t\t<div class=\"precioDesdeMinifichaBlog\">Desde 24<span style=\"font-size:12px\">,65<\/span><span style=\"font-size:13px;\">&euro;<\/span><\/div>\n\t\t\t\t\t<div class=\"botonMinifichaBlog\"><a href=\"https:\/\/www.colchones.es\/almohadas\/Papillon-Bellson-fibra-reciclada-microfibra-ergonomica\/\" onclick=\"ga('send', 'event', 'botones', 'clic', 'minifichaBlog');insClickStats('','minifichaBlog_1672','https:\/\/www.colchones.es\/informacion\/wp-json\/wp\/v2\/posts\/14215');\">Ver Oferta<\/a><\/div>\n\t\t\t\t<\/div>\n\t\t\t<\/div><\/span><\/p>\n<h3><span style=\"font-size: 120%; color: #993366;\">Somieres articulados<\/span><\/h3>\n<p align=\"justify\">Los somieres articulados, que te permiten levantar el busto para dormir reclinado y manteniendo el colch\u00f3n en la <strong>mejor posici\u00f3n para que tu espalda no sufra<\/strong>. Por ejemplo, modelos como el <a href=\"https:\/\/www.colchones.es\/somier\/articulado-hukla-titanium-m\/\" target=\"_blank\" rel=\"noopener\">Titanium-M de Hukla<\/a> o el <a href=\"https:\/\/www.colchones.es\/somier\/flex-articulado-dorwin-fleming\/\" target=\"_blank\" rel=\"noopener\">somier articulado Fleming<\/a> de Dorwin disponen de hasta 5 planos independientes en los que puedes incorporarte.<\/p>\n<p align=\"justify\"><span style=\"font-weight: 400;\"><style>\n\t\t.cajaMinifichaBlog{display: table;width: 100%;padding:15px 20px;border: solid 1px #efefef;margin-bottom: 20px;border-radius: 5px;}\n\t\t\t.imagenMinifichaBlog{width:20%; display:table-cell;  vertical-align:middle;  margin-right: 1%;}\n\t\t\t.imagenMinifichaBlog img{vertical-align:middle;}\n\t\t\t.bloqueContenidoMinifichaBlog{width:57%;display:table-cell;    vertical-align: top; padding:0 3%}\n\t\t\t\t.tituloMinifichaBlog{font-size: 17px;    color: black;    display: inline-block;    width: 100%;    font-weight: bold;}\n\t\t\t\t.tituloMinifichaBlog a{color: black;font-size: 17px;}\n\t\t\t\t.contenidoMinifichaBlog{font-size:14px; color:black;display:inline-block; width:100%;}\n\t\t\t\t.opinionMinifichaBlog{    font-size: 13px;    color: black;    font-style: italic;    display: inline-block;    width: 100%;    padding: 5px 10px;    background: #009b9f45;    border-radius: 9px;    margin-top: 8px;}\n\t\t\t.bloquePrecioyBotonMinifichaBlog{width:20%;display:table-cell;vertical-align: middle;text-align:right}\n\t\t\t\t.precioDesdeMinifichaBlog{    display: inline-block;    width: 90%;    font-size: 20px;    text-align: center;    font-weight: bold;    color: #c3305d;}\n\t\t\t\t.botonMinifichaBlog{display:inline-block; width:100%;}\n\t\t\t\t.botonMinifichaBlog a{display: inline-block;width: 90%;    background: #c3305d;    text-align: center;    color: white !important;    border-radius: 3px;    padding: 3px 5px;}\n\t\t\t\t.botonMinifichaBlog a:hover{background:#c3305d66; text-decoration:none}\n\t\t\t\t@media (max-width: 768px){\n\t\t\t\t\t.cajaMinifichaBlog{width:49%;margin-right:1%;padding:10px 15px;}\n\t\t\t\t\t.imagenMinifichaBlog{width:100%}\n\t\t\t\t\t.imagenMinifichaBlog img{width:100%}\n\t\t\t\t\t.bloqueContenidoMinifichaBlog{width:100%}\n\t\t\t\t\t.opinionMinifichaBlog{display:none;}\n\t\t\t\n\t\t\t\t\t.bloquePrecioyBotonMinifichaBlog{width:100%}\n\t\t\t\t\t.precioDesdeMinifichaBlog{width:100%}\n\t\t\t\t\t.botonMinifichaBlog{width:100%}\n\t\t\t\t\t.tituloMinifichaBlog{font-size: 14px;}\n\t\t\t\t\t.tituloMinifichaBlog a{color: black;font-size: 14px;}\n\t\t\t\t\t.contenidoMinifichaBlog{font-size:13px;}\n\t\t\t\t\t.botonMinifichaBlog a{width: 100%;}    \n\t\t\t\t}\n\t\t\t<\/style><div class=\"cajaMinifichaBlog\">\n\t\t\t\t<div class=\"imagenMinifichaBlog\">\n\t\t\t\t\t<a href=\"https:\/\/www.colchones.es\/somier\/flex-articulado-dorwin-fleming\/\" onclick=\"\n\t\t\t\tgtag('event', 'clic', { 'event_category' : 'minifichaBlog', 'event_label' : 'minifichaBlog_639'});\"><img decoding=\"async\" src=\"https:\/\/www.colchones.es\/fotos\/slider\/somieres-articulados-flex-fleming-00639_3.jpg\"><\/a>\n\t\t\t\t<\/div>\n\t\t\t\t<div class=\"bloqueContenidoMinifichaBlog\">\n\t\t\t\t\t<div class=\"tituloMinifichaBlog\"><a href=\"https:\/\/www.colchones.es\/somier\/flex-articulado-dorwin-fleming\/\" onclick=\"gtag('event', 'clic', { 'event_category' : 'minifichaBlog', 'event_label' : 'minifichaBlog_639'});insClickStats('','minifichaBlog_639','https:\/\/www.colchones.es\/informacion\/wp-json\/wp\/v2\/posts\/14215')\">Somier Articulado Fleming de Dorwin (Flex)<\/a><\/div>\n\t\t\t\t\t<div class=\"contenidoMinifichaBlog\">Consigue aqu\u00ed tu somier articulado Fleming de Dorwin<\/div><div class=\"opinionMinifichaBlog\"><span style=\"font-size:14px; font-weight:bold\">&ldquo;<\/span>Compr\u00e9 este somier para mi madre y est\u00e1 encantada, funciona a la perfecci\u00f3n.<span style=\"font-size:14px;font-weight:bold\">&rdquo;<\/span><\/div>\n\t\t\t\t\t<\/div>\n\t\t\t\t<div class=\"bloquePrecioyBotonMinifichaBlog\">\n\t\t\t\t\t<div class=\"precioDesdeMinifichaBlog\">Desde 599<span style=\"font-size:12px\">,00<\/span><span style=\"font-size:13px;\">&euro;<\/span><\/div>\n\t\t\t\t\t<div class=\"botonMinifichaBlog\"><a href=\"https:\/\/www.colchones.es\/somier\/flex-articulado-dorwin-fleming\/\" onclick=\"ga('send', 'event', 'botones', 'clic', 'minifichaBlog');insClickStats('','minifichaBlog_639','https:\/\/www.colchones.es\/informacion\/wp-json\/wp\/v2\/posts\/14215');\">Ver Oferta<\/a><\/div>\n\t\t\t\t<\/div>\n\t\t\t<\/div><div class=\"cajaMinifichaBlog\">\n\t\t\t\t<div class=\"imagenMinifichaBlog\">\n\t\t\t\t\t<a href=\"https:\/\/www.colchones.es\/somier\/articulado-hukla-titanium-m\/\" onclick=\"\n\t\t\t\tgtag('event', 'clic', { 'event_category' : 'minifichaBlog', 'event_label' : 'minifichaBlog_676'});\"><img decoding=\"async\" src=\"https:\/\/www.colchones.es\/fotos\/slider\/somier-articulado-hukla-titanium-m--676_3.jpg\"><\/a>\n\t\t\t\t<\/div>\n\t\t\t\t<div class=\"bloqueContenidoMinifichaBlog\">\n\t\t\t\t\t<div class=\"tituloMinifichaBlog\"><a href=\"https:\/\/www.colchones.es\/somier\/articulado-hukla-titanium-m\/\" onclick=\"gtag('event', 'clic', { 'event_category' : 'minifichaBlog', 'event_label' : 'minifichaBlog_676'});insClickStats('','minifichaBlog_676','https:\/\/www.colchones.es\/informacion\/wp-json\/wp\/v2\/posts\/14215')\">Somier Titanium-M Articulado Hukla<\/a><\/div>\n\t\t\t\t\t<div class=\"contenidoMinifichaBlog\">Somier Articulado Titanium de Hukla en Colchones.es<\/div><div class=\"opinionMinifichaBlog\"><span style=\"font-size:14px; font-weight:bold\">&ldquo;<\/span>El somier era tal y como lo esper\u00e1bamos muy c\u00f3modo y funciona perfectamente.<span style=\"font-size:14px;font-weight:bold\">&rdquo;<\/span><\/div>\n\t\t\t\t\t<\/div>\n\t\t\t\t<div class=\"bloquePrecioyBotonMinifichaBlog\">\n\t\t\t\t\t<div class=\"precioDesdeMinifichaBlog\">Desde 996<span style=\"font-size:12px\">,09<\/span><span style=\"font-size:13px;\">&euro;<\/span><\/div>\n\t\t\t\t\t<div class=\"botonMinifichaBlog\"><a href=\"https:\/\/www.colchones.es\/somier\/articulado-hukla-titanium-m\/\" onclick=\"ga('send', 'event', 'botones', 'clic', 'minifichaBlog');insClickStats('','minifichaBlog_676','https:\/\/www.colchones.es\/informacion\/wp-json\/wp\/v2\/posts\/14215');\">Ver Oferta<\/a><\/div>\n\t\t\t\t<\/div>\n\t\t\t<\/div><\/span><\/p>\n<h3><span style=\"font-size: 120%; color: #993366;\">Packs descuento somier + colch\u00f3n articulados<\/span><\/h3>\n<p align=\"justify\">Si quieres dormir incorporado en tu habitaci\u00f3n, una de las mejores soluciones es tener una <strong>cama reclinable<\/strong>, como las que hay en los hospitales. De hecho, si t\u00fa o un familiar tuyo ten\u00e9is que pasar muchas horas en la cama debido a una enfermedad o problemas f\u00edsicos, este tipo de camas son ideales para gozar de la mayor comodidad.<\/p>\n<p align=\"justify\">Es importante para la durabilidad del equipo de descanso que si optas por un somier articulado, compruebes que tu colch\u00f3n se puede articular. <strong>No todos los colchones pueden doblarse<\/strong>.<\/p>\n<p align=\"justify\">En Colchones.es tenemos grandes ofertas en nuestros <a href=\"https:\/\/www.colchones.es\/pack\/articulados\/\" target=\"_blank\" rel=\"noopener\">packs de somier m\u00e1s colch\u00f3n articulado<\/a>. Con estos packs descuento podr\u00e1s disfrutar de un <strong>descanso m\u00e1s ergon\u00f3mico.<\/strong><\/p>\n<p align=\"justify\">Ejemplos de estos <strong>packs de descanso para camas articuladas<\/strong> son: Cama ViscoPerfilada y Pack colch\u00f3n ergo-L\u00e1tex + somier Kronos.<\/p>\n<p align=\"justify\"><span style=\"font-weight: 400;\"><style>\n\t\t.cajaMinifichaBlog{display: table;width: 100%;padding:15px 20px;border: solid 1px #efefef;margin-bottom: 20px;border-radius: 5px;}\n\t\t\t.imagenMinifichaBlog{width:20%; display:table-cell;  vertical-align:middle;  margin-right: 1%;}\n\t\t\t.imagenMinifichaBlog img{vertical-align:middle;}\n\t\t\t.bloqueContenidoMinifichaBlog{width:57%;display:table-cell;    vertical-align: top; padding:0 3%}\n\t\t\t\t.tituloMinifichaBlog{font-size: 17px;    color: black;    display: inline-block;    width: 100%;    font-weight: bold;}\n\t\t\t\t.tituloMinifichaBlog a{color: black;font-size: 17px;}\n\t\t\t\t.contenidoMinifichaBlog{font-size:14px; color:black;display:inline-block; width:100%;}\n\t\t\t\t.opinionMinifichaBlog{    font-size: 13px;    color: black;    font-style: italic;    display: inline-block;    width: 100%;    padding: 5px 10px;    background: #009b9f45;    border-radius: 9px;    margin-top: 8px;}\n\t\t\t.bloquePrecioyBotonMinifichaBlog{width:20%;display:table-cell;vertical-align: middle;text-align:right}\n\t\t\t\t.precioDesdeMinifichaBlog{    display: inline-block;    width: 90%;    font-size: 20px;    text-align: center;    font-weight: bold;    color: #c3305d;}\n\t\t\t\t.botonMinifichaBlog{display:inline-block; width:100%;}\n\t\t\t\t.botonMinifichaBlog a{display: inline-block;width: 90%;    background: #c3305d;    text-align: center;    color: white !important;    border-radius: 3px;    padding: 3px 5px;}\n\t\t\t\t.botonMinifichaBlog a:hover{background:#c3305d66; text-decoration:none}\n\t\t\t\t@media (max-width: 768px){\n\t\t\t\t\t.cajaMinifichaBlog{width:49%;margin-right:1%;padding:10px 15px;}\n\t\t\t\t\t.imagenMinifichaBlog{width:100%}\n\t\t\t\t\t.imagenMinifichaBlog img{width:100%}\n\t\t\t\t\t.bloqueContenidoMinifichaBlog{width:100%}\n\t\t\t\t\t.opinionMinifichaBlog{display:none;}\n\t\t\t\n\t\t\t\t\t.bloquePrecioyBotonMinifichaBlog{width:100%}\n\t\t\t\t\t.precioDesdeMinifichaBlog{width:100%}\n\t\t\t\t\t.botonMinifichaBlog{width:100%}\n\t\t\t\t\t.tituloMinifichaBlog{font-size: 14px;}\n\t\t\t\t\t.tituloMinifichaBlog a{color: black;font-size: 14px;}\n\t\t\t\t\t.contenidoMinifichaBlog{font-size:13px;}\n\t\t\t\t\t.botonMinifichaBlog a{width: 100%;}    \n\t\t\t\t}\n\t\t\t<\/style><div class=\"cajaMinifichaBlog\">\n\t\t\t\t<div class=\"imagenMinifichaBlog\">\n\t\t\t\t\t<a href=\"https:\/\/www.colchones.es\/pack\/colchon-Hukla-ergo-Latex-articulable-somier-electrico-Kronos\/\" onclick=\"\n\t\t\t\tgtag('event', 'clic', { 'event_category' : 'minifichaBlog', 'event_label' : 'minifichaBlog_1376'});\"><img decoding=\"async\" src=\"https:\/\/www.colchones.es\/fotos\/slider\/1376_3.jpg\"><\/a>\n\t\t\t\t<\/div>\n\t\t\t\t<div class=\"bloqueContenidoMinifichaBlog\">\n\t\t\t\t\t<div class=\"tituloMinifichaBlog\"><a href=\"https:\/\/www.colchones.es\/pack\/colchon-Hukla-ergo-Latex-articulable-somier-electrico-Kronos\/\" onclick=\"gtag('event', 'clic', { 'event_category' : 'minifichaBlog', 'event_label' : 'minifichaBlog_1376'});insClickStats('','minifichaBlog_1376','https:\/\/www.colchones.es\/informacion\/wp-json\/wp\/v2\/posts\/14215')\">colch\u00f3n ergo-L\u00e1tex Hukla y somier articulado Kronos-M<\/a><\/div>\n\t\t\t\t\t<div class=\"contenidoMinifichaBlog\">Pack ergo-L\u00e1tex y Somier articulado Kronos de Hukla<\/div><div class=\"opinionMinifichaBlog\"><span style=\"font-size:14px; font-weight:bold\">&ldquo;<\/span>Llevaba con dolores de espalda por un equipo viejo y vencido. El equipo de descanso me ha devuelto el descanso, me levanto sin molestias. Tuve una incidencia con la fecha y Ester la solucion\u00f3 en un momento, encantadora. Estoy m\u00e1s que satisfecho.<span style=\"font-size:14px;font-weight:bold\">&rdquo;<\/span><\/div>\n\t\t\t\t\t<\/div>\n\t\t\t\t<div class=\"bloquePrecioyBotonMinifichaBlog\">\n\t\t\t\t\t<div class=\"precioDesdeMinifichaBlog\">Desde 1.104<span style=\"font-size:12px\">,10<\/span><span style=\"font-size:13px;\">&euro;<\/span><\/div>\n\t\t\t\t\t<div class=\"botonMinifichaBlog\"><a href=\"https:\/\/www.colchones.es\/pack\/colchon-Hukla-ergo-Latex-articulable-somier-electrico-Kronos\/\" onclick=\"ga('send', 'event', 'botones', 'clic', 'minifichaBlog');insClickStats('','minifichaBlog_1376','https:\/\/www.colchones.es\/informacion\/wp-json\/wp\/v2\/posts\/14215');\">Ver Oferta<\/a><\/div>\n\t\t\t\t<\/div>\n\t\t\t<\/div><div class=\"cajaMinifichaBlog\">\n\t\t\t\t<div class=\"imagenMinifichaBlog\">\n\t\t\t\t\t<a href=\"https:\/\/www.colchones.es\/pack\/viscoelastica-somier-articulado-motor-5-planos-barato\/\" onclick=\"\n\t\t\t\tgtag('event', 'clic', { 'event_category' : 'minifichaBlog', 'event_label' : 'minifichaBlog_1693'});\"><img decoding=\"async\" src=\"https:\/\/www.colchones.es\/fotos\/slider\/pack-viscoelastica-somier-articulado-motor-5-planos-barato--1693_3.jpg\"><\/a>\n\t\t\t\t<\/div>\n\t\t\t\t<div class=\"bloqueContenidoMinifichaBlog\">\n\t\t\t\t\t<div class=\"tituloMinifichaBlog\"><a href=\"https:\/\/www.colchones.es\/pack\/viscoelastica-somier-articulado-motor-5-planos-barato\/\" onclick=\"gtag('event', 'clic', { 'event_category' : 'minifichaBlog', 'event_label' : 'minifichaBlog_1693'});insClickStats('','minifichaBlog_1693','https:\/\/www.colchones.es\/informacion\/wp-json\/wp\/v2\/posts\/14215')\">cama ViscoPerfilada de Colchones.es<\/a><\/div>\n\t\t\t\t\t<div class=\"contenidoMinifichaBlog\">Cama articulada ViscoPerfilada de Colchones.es<\/div><div class=\"opinionMinifichaBlog\"><span style=\"font-size:14px; font-weight:bold\">&ldquo;<\/span>Desde que tengo el conjunto completo duermo de otra manera. El conjunto me ha cambiado el descanso por completo. Clara me llam\u00f3 para coordinar el d\u00eda de entrega, un trato de diez. Sin duda, un acierto.<span style=\"font-size:14px;font-weight:bold\">&rdquo;<\/span><\/div>\n\t\t\t\t\t<\/div>\n\t\t\t\t<div class=\"bloquePrecioyBotonMinifichaBlog\">\n\t\t\t\t\t<div class=\"precioDesdeMinifichaBlog\">Desde 637<span style=\"font-size:12px\">,28<\/span><span style=\"font-size:13px;\">&euro;<\/span><\/div>\n\t\t\t\t\t<div class=\"botonMinifichaBlog\"><a href=\"https:\/\/www.colchones.es\/pack\/viscoelastica-somier-articulado-motor-5-planos-barato\/\" onclick=\"ga('send', 'event', 'botones', 'clic', 'minifichaBlog');insClickStats('','minifichaBlog_1693','https:\/\/www.colchones.es\/informacion\/wp-json\/wp\/v2\/posts\/14215');\">Ver Oferta<\/a><\/div>\n\t\t\t\t<\/div>\n\t\t\t<\/div><\/span><\/p>\n<p align=\"justify\">Si quieres elegir la posici\u00f3n en la que deseas incorporarte a trav\u00e9s de un mando a distancia, tambi\u00e9n te proponemos nuestro <strong>pack Somier 5 planos + colch\u00f3n Visco 6 de Colchones.es<\/strong>.<\/p>\n<p align=\"justify\"><span style=\"font-weight: 400;\"><style>\n\t\t.cajaMinifichaBlog{display: table;width: 100%;padding:15px 20px;border: solid 1px #efefef;margin-bottom: 20px;border-radius: 5px;}\n\t\t\t.imagenMinifichaBlog{width:20%; display:table-cell;  vertical-align:middle;  margin-right: 1%;}\n\t\t\t.imagenMinifichaBlog img{vertical-align:middle;}\n\t\t\t.bloqueContenidoMinifichaBlog{width:57%;display:table-cell;    vertical-align: top; padding:0 3%}\n\t\t\t\t.tituloMinifichaBlog{font-size: 17px;    color: black;    display: inline-block;    width: 100%;    font-weight: bold;}\n\t\t\t\t.tituloMinifichaBlog a{color: black;font-size: 17px;}\n\t\t\t\t.contenidoMinifichaBlog{font-size:14px; color:black;display:inline-block; width:100%;}\n\t\t\t\t.opinionMinifichaBlog{    font-size: 13px;    color: black;    font-style: italic;    display: inline-block;    width: 100%;    padding: 5px 10px;    background: #009b9f45;    border-radius: 9px;    margin-top: 8px;}\n\t\t\t.bloquePrecioyBotonMinifichaBlog{width:20%;display:table-cell;vertical-align: middle;text-align:right}\n\t\t\t\t.precioDesdeMinifichaBlog{    display: inline-block;    width: 90%;    font-size: 20px;    text-align: center;    font-weight: bold;    color: #c3305d;}\n\t\t\t\t.botonMinifichaBlog{display:inline-block; width:100%;}\n\t\t\t\t.botonMinifichaBlog a{display: inline-block;width: 90%;    background: #c3305d;    text-align: center;    color: white !important;    border-radius: 3px;    padding: 3px 5px;}\n\t\t\t\t.botonMinifichaBlog a:hover{background:#c3305d66; text-decoration:none}\n\t\t\t\t@media (max-width: 768px){\n\t\t\t\t\t.cajaMinifichaBlog{width:49%;margin-right:1%;padding:10px 15px;}\n\t\t\t\t\t.imagenMinifichaBlog{width:100%}\n\t\t\t\t\t.imagenMinifichaBlog img{width:100%}\n\t\t\t\t\t.bloqueContenidoMinifichaBlog{width:100%}\n\t\t\t\t\t.opinionMinifichaBlog{display:none;}\n\t\t\t\n\t\t\t\t\t.bloquePrecioyBotonMinifichaBlog{width:100%}\n\t\t\t\t\t.precioDesdeMinifichaBlog{width:100%}\n\t\t\t\t\t.botonMinifichaBlog{width:100%}\n\t\t\t\t\t.tituloMinifichaBlog{font-size: 14px;}\n\t\t\t\t\t.tituloMinifichaBlog a{color: black;font-size: 14px;}\n\t\t\t\t\t.contenidoMinifichaBlog{font-size:13px;}\n\t\t\t\t\t.botonMinifichaBlog a{width: 100%;}    \n\t\t\t\t}\n\t\t\t<\/style><div class=\"cajaMinifichaBlog\">\n\t\t\t\t<div class=\"imagenMinifichaBlog\">\n\t\t\t\t\t<a href=\"https:\/\/www.colchones.es\/pack\/visco-articulado-barato-somier-motor-5-planos\/\" onclick=\"\n\t\t\t\tgtag('event', 'clic', { 'event_category' : 'minifichaBlog', 'event_label' : 'minifichaBlog_1239'});\"><img decoding=\"async\" src=\"https:\/\/www.colchones.es\/fotos\/slider\/pack-visco-articulado-barato-somier-motor-5-planos--1239_3.jpg\"><\/a>\n\t\t\t\t<\/div>\n\t\t\t\t<div class=\"bloqueContenidoMinifichaBlog\">\n\t\t\t\t\t<div class=\"tituloMinifichaBlog\"><a href=\"https:\/\/www.colchones.es\/pack\/visco-articulado-barato-somier-motor-5-planos\/\" onclick=\"gtag('event', 'clic', { 'event_category' : 'minifichaBlog', 'event_label' : 'minifichaBlog_1239'});insClickStats('','minifichaBlog_1239','https:\/\/www.colchones.es\/informacion\/wp-json\/wp\/v2\/posts\/14215')\">Pack Somier 5 planos + colch\u00f3n Visco 6 de Colchones.es<\/a><\/div>\n\t\t\t\t\t<div class=\"contenidoMinifichaBlog\">Pack barato: somier el\u00e9ctrico 5 planos + colch\u00f3n 6 cm. <\/div><div class=\"opinionMinifichaBlog\"><span style=\"font-size:14px; font-weight:bold\">&ldquo;<\/span>Lo mejor de comprarlo junto es que todo encaja perfecto. El pack Pack Visco Articulado + Somier Motor 5 planos ha sido un acierto, ni una medida que no cuadre. Punto a favor: la comodidad del conjunto. Clara me asesor\u00f3 en la elecci\u00f3n de la medida y acert\u00f3 de pleno, muy profesional. Estoy m\u00e1s que satisfecha.<span style=\"font-size:14px;font-weight:bold\">&rdquo;<\/span><\/div>\n\t\t\t\t\t<\/div>\n\t\t\t\t<div class=\"bloquePrecioyBotonMinifichaBlog\">\n\t\t\t\t\t<div class=\"precioDesdeMinifichaBlog\">Desde 870<span style=\"font-size:12px\">,63<\/span><span style=\"font-size:13px;\">&euro;<\/span><\/div>\n\t\t\t\t\t<div class=\"botonMinifichaBlog\"><a href=\"https:\/\/www.colchones.es\/pack\/visco-articulado-barato-somier-motor-5-planos\/\" onclick=\"ga('send', 'event', 'botones', 'clic', 'minifichaBlog');insClickStats('','minifichaBlog_1239','https:\/\/www.colchones.es\/informacion\/wp-json\/wp\/v2\/posts\/14215');\">Ver Oferta<\/a><\/div>\n\t\t\t\t<\/div>\n\t\t\t<\/div><\/span><\/p>\n<p align=\"justify\">Encontrar\u00e1s otras muchas soluciones del descanso en somieres articulados en Colchones.es. Si tienes alguna duda sobre qu\u00e9 combinaci\u00f3n de somier articulado y colch\u00f3n es m\u00e1s adecuada para ti, te invitamos a ponerte en contacto con nosotros <strong>llamando gratis al 900.701.086<\/strong> de lunes a viernes de 8 a 20 pm., o escribi\u00e9ndonos un Whatsapp al 616 985 656. Tambi\u00e9n puedes dejarnos un comentario a continuaci\u00f3n.<\/p>\n","protected":false},"excerpt":{"rendered":"<p>Seguro que en m\u00e1s de una ocasi\u00f3n te has quedado dormido incorporado. Quiz\u00e1s cuando est\u00e1s resfriado o con gripe, si estabas viendo la tele en la habitaci\u00f3n, cuando est\u00e1s pasando por un per\u00edodo de embarazo, o simplemente porque tienes la &hellip; <a href=\"https:\/\/www.colchones.es\/informacion\/dormir-incorporado\/\">Sigue leyendo <span class=\"meta-nav\">&rarr;<\/span><\/a><\/p>\n","protected":false},"author":65,"featured_media":0,"comment_status":"open","ping_status":"open","sticky":false,"template":"","format":"standard","meta":{"_bbp_topic_count":0,"_bbp_reply_count":0,"_bbp_total_topic_count":0,"_bbp_total_reply_count":0,"_bbp_voice_count":0,"_bbp_anonymous_reply_count":0,"_bbp_topic_count_hidden":0,"_bbp_reply_count_hidden":0,"_bbp_forum_subforum_count":0,"footnotes":""},"categories":[6124,4],"tags":[3603,3609,3607,3602,3606,3604,3605,3601,3608],"class_list":["post-14215","post","type-post","status-publish","format-standard","hentry","category-mas-leidos","category-salud","tag-almohada-para-dormir-incorporado","tag-almohadas-para-problemas-cervicales","tag-cojin-cervical","tag-como-dormir-incorporado","tag-domir-incorporado-bebe","tag-dormir-con-tos","tag-dormir-incorporada-embarazo","tag-dormir-incorporado","tag-respaldos-para-camas"],"yoast_head":"<!-- This site is optimized with the Yoast SEO plugin v28.3 - https:\/\/yoast.com\/product\/yoast-seo-wordpress\/ -->\n<title>\u00bfEs bueno dormir incorporado? Ventajas e inconvenientes<\/title>\n<meta name=\"description\" content=\"\u00bfTe conviene dormir incorporado? Te explicamos las principales ventajas e inconvenientes de dormir as\u00ed o semi-incorporado y c\u00f3mo hacerlo.\" \/>\n<meta name=\"robots\" content=\"index, follow, max-snippet:-1, max-image-preview:large, max-video-preview:-1\" \/>\n<link rel=\"canonical\" href=\"https:\/\/www.colchones.es\/informacion\/dormir-incorporado\/\" \/>\n<meta name=\"twitter:card\" content=\"summary_large_image\" \/>\n<meta name=\"twitter:title\" content=\"\u00bfEs bueno dormir incorporado? Ventajas e inconvenientes\" \/>\n<meta name=\"twitter:description\" content=\"\u00bfTe conviene dormir incorporado? Te explicamos las principales ventajas e inconvenientes de dormir as\u00ed o semi-incorporado y c\u00f3mo hacerlo.\" \/>\n<meta name=\"twitter:creator\" content=\"@colchonesEs\" \/>\n<meta name=\"twitter:site\" content=\"@colchonesEs\" \/>\n<meta name=\"twitter:label1\" content=\"Escrito por\" \/>\n\t<meta name=\"twitter:data1\" content=\"Samuel Juli\u00e1\" \/>\n\t<meta name=\"twitter:label2\" content=\"Tiempo de lectura\" \/>\n\t<meta name=\"twitter:data2\" content=\"6 minutos\" \/>\n<script type=\"application\/ld+json\" class=\"yoast-schema-graph\">{\"@context\":\"https:\\\/\\\/schema.org\",\"@graph\":[{\"@type\":\"Article\",\"@id\":\"https:\\\/\\\/www.colchones.es\\\/informacion\\\/dormir-incorporado\\\/#article\",\"isPartOf\":{\"@id\":\"https:\\\/\\\/www.colchones.es\\\/informacion\\\/dormir-incorporado\\\/\"},\"author\":{\"name\":\"Samuel Juli\u00e1\",\"@id\":\"https:\\\/\\\/www.colchones.es\\\/informacion\\\/#\\\/schema\\\/person\\\/8145aa5af90383cafcbee76872c45062\"},\"headline\":\"\u00bfEs bueno dormir incorporado?\",\"datePublished\":\"2017-04-12T09:07:32+00:00\",\"dateModified\":\"2024-09-24T14:57:15+00:00\",\"mainEntityOfPage\":{\"@id\":\"https:\\\/\\\/www.colchones.es\\\/informacion\\\/dormir-incorporado\\\/\"},\"wordCount\":1165,\"commentCount\":4,\"publisher\":{\"@id\":\"https:\\\/\\\/www.colchones.es\\\/informacion\\\/#organization\"},\"keywords\":[\"almohada para dormir incorporado\",\"almohadas para problemas cervicales\",\"cojin cervical\",\"como dormir incorporado\",\"domir incorporado bebe\",\"dormir con tos\",\"dormir incorporada embarazo\",\"dormir incorporado\",\"respaldos para camas\"],\"articleSection\":[\"Mas le\u00eddos\",\"Salud\"],\"inLanguage\":\"es\",\"potentialAction\":[{\"@type\":\"CommentAction\",\"name\":\"Comment\",\"target\":[\"https:\\\/\\\/www.colchones.es\\\/informacion\\\/dormir-incorporado\\\/#respond\"]}]},{\"@type\":\"WebPage\",\"@id\":\"https:\\\/\\\/www.colchones.es\\\/informacion\\\/dormir-incorporado\\\/\",\"url\":\"https:\\\/\\\/www.colchones.es\\\/informacion\\\/dormir-incorporado\\\/\",\"name\":\"\u00bfEs bueno dormir incorporado? Ventajas e inconvenientes\",\"isPartOf\":{\"@id\":\"https:\\\/\\\/www.colchones.es\\\/informacion\\\/#website\"},\"datePublished\":\"2017-04-12T09:07:32+00:00\",\"dateModified\":\"2024-09-24T14:57:15+00:00\",\"description\":\"\u00bfTe conviene dormir incorporado? Te explicamos las principales ventajas e inconvenientes de dormir as\u00ed o semi-incorporado y c\u00f3mo hacerlo.\",\"breadcrumb\":{\"@id\":\"https:\\\/\\\/www.colchones.es\\\/informacion\\\/dormir-incorporado\\\/#breadcrumb\"},\"inLanguage\":\"es\",\"potentialAction\":[{\"@type\":\"ReadAction\",\"target\":[\"https:\\\/\\\/www.colchones.es\\\/informacion\\\/dormir-incorporado\\\/\"]}]},{\"@type\":\"BreadcrumbList\",\"@id\":\"https:\\\/\\\/www.colchones.es\\\/informacion\\\/dormir-incorporado\\\/#breadcrumb\",\"itemListElement\":[{\"@type\":\"ListItem\",\"position\":1,\"name\":\"Blog\",\"item\":\"https:\\\/\\\/www.colchones.es\\\/informacion\\\/\"},{\"@type\":\"ListItem\",\"position\":2,\"name\":\"\u00bfEs bueno dormir incorporado?\"}]},{\"@type\":\"WebSite\",\"@id\":\"https:\\\/\\\/www.colchones.es\\\/informacion\\\/#website\",\"url\":\"https:\\\/\\\/www.colchones.es\\\/informacion\\\/\",\"name\":\"\",\"description\":\"\",\"publisher\":{\"@id\":\"https:\\\/\\\/www.colchones.es\\\/informacion\\\/#organization\"},\"potentialAction\":[{\"@type\":\"SearchAction\",\"target\":{\"@type\":\"EntryPoint\",\"urlTemplate\":\"https:\\\/\\\/www.colchones.es\\\/informacion\\\/?s={search_term_string}\"},\"query-input\":{\"@type\":\"PropertyValueSpecification\",\"valueRequired\":true,\"valueName\":\"search_term_string\"}}],\"inLanguage\":\"es\"},{\"@type\":\"Organization\",\"@id\":\"https:\\\/\\\/www.colchones.es\\\/informacion\\\/#organization\",\"name\":\"Colchones.es\",\"url\":\"https:\\\/\\\/www.colchones.es\\\/informacion\\\/\",\"logo\":{\"@type\":\"ImageObject\",\"inLanguage\":\"es\",\"@id\":\"https:\\\/\\\/www.colchones.es\\\/informacion\\\/#\\\/schema\\\/logo\\\/image\\\/\",\"url\":\"https:\\\/\\\/www.colchones.es\\\/informacion\\\/wp-content\\\/uploads\\\/2015\\\/10\\\/logo-web-colchonesES.jpg\",\"contentUrl\":\"https:\\\/\\\/www.colchones.es\\\/informacion\\\/wp-content\\\/uploads\\\/2015\\\/10\\\/logo-web-colchonesES.jpg\",\"width\":200,\"height\":56,\"caption\":\"Colchones.es\"},\"image\":{\"@id\":\"https:\\\/\\\/www.colchones.es\\\/informacion\\\/#\\\/schema\\\/logo\\\/image\\\/\"},\"sameAs\":[\"http:\\\/\\\/www.facebook.com\\\/colchones.ES\",\"https:\\\/\\\/x.com\\\/colchonesEs\",\"https:\\\/\\\/www.linkedin.com\\\/company\\\/colchones-es\",\"https:\\\/\\\/es.pinterest.com\\\/colchoneses\\\/\",\"https:\\\/\\\/www.youtube.com\\\/user\\\/ColchonespuntoES\"]},{\"@type\":\"Person\",\"@id\":\"https:\\\/\\\/www.colchones.es\\\/informacion\\\/#\\\/schema\\\/person\\\/8145aa5af90383cafcbee76872c45062\",\"name\":\"Samuel Juli\u00e1\",\"image\":{\"@type\":\"ImageObject\",\"inLanguage\":\"es\",\"@id\":\"https:\\\/\\\/secure.gravatar.com\\\/avatar\\\/0db403704918d1ed64736563117102758dd8a959be8713ebc49838d3ad048cf2?s=96&r=g\",\"url\":\"https:\\\/\\\/secure.gravatar.com\\\/avatar\\\/0db403704918d1ed64736563117102758dd8a959be8713ebc49838d3ad048cf2?s=96&r=g\",\"contentUrl\":\"https:\\\/\\\/secure.gravatar.com\\\/avatar\\\/0db403704918d1ed64736563117102758dd8a959be8713ebc49838d3ad048cf2?s=96&r=g\",\"caption\":\"Samuel Juli\u00e1\"},\"url\":\"https:\\\/\\\/www.colchones.es\\\/informacion\\\/author\\\/samuel\\\/\"}]}<\/script>\n<!-- \/ Yoast SEO plugin. -->","yoast_head_json":{"title":"\u00bfEs bueno dormir incorporado? Ventajas e inconvenientes","description":"\u00bfTe conviene dormir incorporado? Te explicamos las principales ventajas e inconvenientes de dormir as\u00ed o semi-incorporado y c\u00f3mo hacerlo.","robots":{"index":"index","follow":"follow","max-snippet":"max-snippet:-1","max-image-preview":"max-image-preview:large","max-video-preview":"max-video-preview:-1"},"canonical":"https:\/\/www.colchones.es\/informacion\/dormir-incorporado\/","twitter_card":"summary_large_image","twitter_title":"\u00bfEs bueno dormir incorporado? Ventajas e inconvenientes","twitter_description":"\u00bfTe conviene dormir incorporado? Te explicamos las principales ventajas e inconvenientes de dormir as\u00ed o semi-incorporado y c\u00f3mo hacerlo.","twitter_creator":"@colchonesEs","twitter_site":"@colchonesEs","twitter_misc":{"Escrito por":"Samuel Juli\u00e1","Tiempo de lectura":"6 minutos"},"schema":{"@context":"https:\/\/schema.org","@graph":[{"@type":"Article","@id":"https:\/\/www.colchones.es\/informacion\/dormir-incorporado\/#article","isPartOf":{"@id":"https:\/\/www.colchones.es\/informacion\/dormir-incorporado\/"},"author":{"name":"Samuel Juli\u00e1","@id":"https:\/\/www.colchones.es\/informacion\/#\/schema\/person\/8145aa5af90383cafcbee76872c45062"},"headline":"\u00bfEs bueno dormir incorporado?","datePublished":"2017-04-12T09:07:32+00:00","dateModified":"2024-09-24T14:57:15+00:00","mainEntityOfPage":{"@id":"https:\/\/www.colchones.es\/informacion\/dormir-incorporado\/"},"wordCount":1165,"commentCount":4,"publisher":{"@id":"https:\/\/www.colchones.es\/informacion\/#organization"},"keywords":["almohada para dormir incorporado","almohadas para problemas cervicales","cojin cervical","como dormir incorporado","domir incorporado bebe","dormir con tos","dormir incorporada embarazo","dormir incorporado","respaldos para camas"],"articleSection":["Mas le\u00eddos","Salud"],"inLanguage":"es","potentialAction":[{"@type":"CommentAction","name":"Comment","target":["https:\/\/www.colchones.es\/informacion\/dormir-incorporado\/#respond"]}]},{"@type":"WebPage","@id":"https:\/\/www.colchones.es\/informacion\/dormir-incorporado\/","url":"https:\/\/www.colchones.es\/informacion\/dormir-incorporado\/","name":"\u00bfEs bueno dormir incorporado? Ventajas e inconvenientes","isPartOf":{"@id":"https:\/\/www.colchones.es\/informacion\/#website"},"datePublished":"2017-04-12T09:07:32+00:00","dateModified":"2024-09-24T14:57:15+00:00","description":"\u00bfTe conviene dormir incorporado? Te explicamos las principales ventajas e inconvenientes de dormir as\u00ed o semi-incorporado y c\u00f3mo hacerlo.","breadcrumb":{"@id":"https:\/\/www.colchones.es\/informacion\/dormir-incorporado\/#breadcrumb"},"inLanguage":"es","potentialAction":[{"@type":"ReadAction","target":["https:\/\/www.colchones.es\/informacion\/dormir-incorporado\/"]}]},{"@type":"BreadcrumbList","@id":"https:\/\/www.colchones.es\/informacion\/dormir-incorporado\/#breadcrumb","itemListElement":[{"@type":"ListItem","position":1,"name":"Blog","item":"https:\/\/www.colchones.es\/informacion\/"},{"@type":"ListItem","position":2,"name":"\u00bfEs bueno dormir incorporado?"}]},{"@type":"WebSite","@id":"https:\/\/www.colchones.es\/informacion\/#website","url":"https:\/\/www.colchones.es\/informacion\/","name":"","description":"","publisher":{"@id":"https:\/\/www.colchones.es\/informacion\/#organization"},"potentialAction":[{"@type":"SearchAction","target":{"@type":"EntryPoint","urlTemplate":"https:\/\/www.colchones.es\/informacion\/?s={search_term_string}"},"query-input":{"@type":"PropertyValueSpecification","valueRequired":true,"valueName":"search_term_string"}}],"inLanguage":"es"},{"@type":"Organization","@id":"https:\/\/www.colchones.es\/informacion\/#organization","name":"Colchones.es","url":"https:\/\/www.colchones.es\/informacion\/","logo":{"@type":"ImageObject","inLanguage":"es","@id":"https:\/\/www.colchones.es\/informacion\/#\/schema\/logo\/image\/","url":"https:\/\/www.colchones.es\/informacion\/wp-content\/uploads\/2015\/10\/logo-web-colchonesES.jpg","contentUrl":"https:\/\/www.colchones.es\/informacion\/wp-content\/uploads\/2015\/10\/logo-web-colchonesES.jpg","width":200,"height":56,"caption":"Colchones.es"},"image":{"@id":"https:\/\/www.colchones.es\/informacion\/#\/schema\/logo\/image\/"},"sameAs":["http:\/\/www.facebook.com\/colchones.ES","https:\/\/x.com\/colchonesEs","https:\/\/www.linkedin.com\/company\/colchones-es","https:\/\/es.pinterest.com\/colchoneses\/","https:\/\/www.youtube.com\/user\/ColchonespuntoES"]},{"@type":"Person","@id":"https:\/\/www.colchones.es\/informacion\/#\/schema\/person\/8145aa5af90383cafcbee76872c45062","name":"Samuel Juli\u00e1","image":{"@type":"ImageObject","inLanguage":"es","@id":"https:\/\/secure.gravatar.com\/avatar\/0db403704918d1ed64736563117102758dd8a959be8713ebc49838d3ad048cf2?s=96&r=g","url":"https:\/\/secure.gravatar.com\/avatar\/0db403704918d1ed64736563117102758dd8a959be8713ebc49838d3ad048cf2?s=96&r=g","contentUrl":"https:\/\/secure.gravatar.com\/avatar\/0db403704918d1ed64736563117102758dd8a959be8713ebc49838d3ad048cf2?s=96&r=g","caption":"Samuel Juli\u00e1"},"url":"https:\/\/www.colchones.es\/informacion\/author\/samuel\/"}]}},"_links":{"self":[{"href":"https:\/\/www.colchones.es\/informacion\/wp-json\/wp\/v2\/posts\/14215","targetHints":{"allow":["GET"]}}],"collection":[{"href":"https:\/\/www.colchones.es\/informacion\/wp-json\/wp\/v2\/posts"}],"about":[{"href":"https:\/\/www.colchones.es\/informacion\/wp-json\/wp\/v2\/types\/post"}],"author":[{"embeddable":true,"href":"https:\/\/www.colchones.es\/informacion\/wp-json\/wp\/v2\/users\/65"}],"replies":[{"embeddable":true,"href":"https:\/\/www.colchones.es\/informacion\/wp-json\/wp\/v2\/comments?post=14215"}],"version-history":[{"count":7,"href":"https:\/\/www.colchones.es\/informacion\/wp-json\/wp\/v2\/posts\/14215\/revisions"}],"predecessor-version":[{"id":24037,"href":"https:\/\/www.colchones.es\/informacion\/wp-json\/wp\/v2\/posts\/14215\/revisions\/24037"}],"wp:attachment":[{"href":"https:\/\/www.colchones.es\/informacion\/wp-json\/wp\/v2\/media?parent=14215"}],"wp:term":[{"taxonomy":"category","embeddable":true,"href":"https:\/\/www.colchones.es\/informacion\/wp-json\/wp\/v2\/categories?post=14215"},{"taxonomy":"post_tag","embeddable":true,"href":"https:\/\/www.colchones.es\/informacion\/wp-json\/wp\/v2\/tags?post=14215"}],"curies":[{"name":"wp","href":"https:\/\/api.w.org\/{rel}","templated":true}]}}