



{"id":4844,"date":"2025-03-26T16:30:25","date_gmt":"2025-03-26T15:30:25","guid":{"rendered":"https:\/\/www.colchones.es\/comparativa\/?p=4844"},"modified":"2025-03-26T16:30:46","modified_gmt":"2025-03-26T15:30:46","slug":"como-elegir-la-medida-de-un-nordico","status":"publish","type":"post","link":"https:\/\/www.colchones.es\/comparativa\/como-elegir-la-medida-de-un-nordico\/","title":{"rendered":"C\u00f3mo elegir la medida de un n\u00f3rdico"},"content":{"rendered":"<p style=\"text-align: justify;\">Los n\u00f3rdicos son una gran elecci\u00f3n para <strong>sumar calidez a tu cama<\/strong> sin tener que soportar el exceso de peso de las mantas. Adem\u00e1s, las fundas n\u00f3rdicas visten tu cama y se adaptan a la decoraci\u00f3n de tu dormitorio. En este post vemos c\u00f3mo elegir la medida de un n\u00f3rdico.<\/p>\n<p style=\"text-align: justify;\">A la hora de elegir el tama\u00f1o del n\u00f3rdico puede ser complicado si no aparece en la descripci\u00f3n a <strong>qu\u00e9 tama\u00f1o de cama se adapta esa funda n\u00f3rdica<\/strong>. En Colchones.es queremos ayudarte a acertar con las medidas de tu relleno n\u00f3rdico.<!--more--><\/p>\n\n<div id=\"ez-toc-container\" class=\"ez-toc-v2_0_85 counter-hierarchy ez-toc-counter ez-toc-custom ez-toc-container-direction\">\n<p class=\"ez-toc-title\" style=\"cursor:inherit\">\u00edndice de contenido<\/p>\n<label for=\"ez-toc-cssicon-toggle-item-6a9c5b69ad956\" class=\"ez-toc-cssicon-toggle-label\"><span class=\"\"><span class=\"eztoc-hide\" style=\"display:none;\">Toggle<\/span><span class=\"ez-toc-icon-toggle-span\"><svg style=\"fill: #999;color:#999\" xmlns=\"http:\/\/www.w3.org\/2000\/svg\" class=\"list-377408\" width=\"20px\" height=\"20px\" viewBox=\"0 0 24 24\" fill=\"none\"><path d=\"M6 6H4v2h2V6zm14 0H8v2h12V6zM4 11h2v2H4v-2zm16 0H8v2h12v-2zM4 16h2v2H4v-2zm16 0H8v2h12v-2z\" fill=\"currentColor\"><\/path><\/svg><svg style=\"fill: #999;color:#999\" class=\"arrow-unsorted-368013\" xmlns=\"http:\/\/www.w3.org\/2000\/svg\" width=\"10px\" height=\"10px\" viewBox=\"0 0 24 24\" version=\"1.2\" baseProfile=\"tiny\"><path d=\"M18.2 9.3l-6.2-6.3-6.2 6.3c-.2.2-.3.4-.3.7s.1.5.3.7c.2.2.4.3.7.3h11c.3 0 .5-.1.7-.3.2-.2.3-.5.3-.7s-.1-.5-.3-.7zM5.8 14.7l6.2 6.3 6.2-6.3c.2-.2.3-.5.3-.7s-.1-.5-.3-.7c-.2-.2-.4-.3-.7-.3h-11c-.3 0-.5.1-.7.3-.2.2-.3.5-.3.7s.1.5.3.7z\"\/><\/svg><\/span><\/span><\/label><input type=\"checkbox\"  id=\"ez-toc-cssicon-toggle-item-6a9c5b69ad956\"  aria-label=\"Alternar\" \/><nav><ul class='ez-toc-list ez-toc-list-level-1 ' ><li class='ez-toc-page-1 ez-toc-heading-level-2'><a class=\"ez-toc-link ez-toc-heading-1\" href=\"https:\/\/www.colchones.es\/comparativa\/como-elegir-la-medida-de-un-nordico\/#Tamano_de_nordicos\" >Tama\u00f1o de n\u00f3rdicos<\/a><\/li><li class='ez-toc-page-1 ez-toc-heading-level-2'><a class=\"ez-toc-link ez-toc-heading-2\" href=\"https:\/\/www.colchones.es\/comparativa\/como-elegir-la-medida-de-un-nordico\/#Anchos_rellenos_nordicos\" >Anchos rellenos n\u00f3rdicos<\/a><ul class='ez-toc-list-level-3' ><li class='ez-toc-heading-level-3'><a class=\"ez-toc-link ez-toc-heading-3\" href=\"https:\/\/www.colchones.es\/comparativa\/como-elegir-la-medida-de-un-nordico\/#Medidas_nordico_cama_90\" >Medidas n\u00f3rdico cama 90<\/a><\/li><li class='ez-toc-page-1 ez-toc-heading-level-3'><a class=\"ez-toc-link ez-toc-heading-4\" href=\"https:\/\/www.colchones.es\/comparativa\/como-elegir-la-medida-de-un-nordico\/#Medidas_funda_nordica_cama_105\" >Medidas funda n\u00f3rdica cama 105<\/a><\/li><li class='ez-toc-page-1 ez-toc-heading-level-3'><a class=\"ez-toc-link ez-toc-heading-5\" href=\"https:\/\/www.colchones.es\/comparativa\/como-elegir-la-medida-de-un-nordico\/#Medidas_funda_nordica_cama_135\" >Medidas funda n\u00f3rdica cama 135<\/a><\/li><li class='ez-toc-page-1 ez-toc-heading-level-3'><a class=\"ez-toc-link ez-toc-heading-6\" href=\"https:\/\/www.colchones.es\/comparativa\/como-elegir-la-medida-de-un-nordico\/#Que_tamano_de_funda_nordica_para_cama_de_150\" >Qu\u00e9 tama\u00f1o de funda n\u00f3rdica para cama de 150<\/a><\/li><li class='ez-toc-page-1 ez-toc-heading-level-3'><a class=\"ez-toc-link ez-toc-heading-7\" href=\"https:\/\/www.colchones.es\/comparativa\/como-elegir-la-medida-de-un-nordico\/#Medida_nordico_cama_180\" >Medida n\u00f3rdico cama 180<\/a><\/li><\/ul><\/li><li class='ez-toc-page-1 ez-toc-heading-level-2'><a class=\"ez-toc-link ez-toc-heading-8\" href=\"https:\/\/www.colchones.es\/comparativa\/como-elegir-la-medida-de-un-nordico\/#Necesitas_ayuda_para_elegir_la_medida_de_un_nordico\" >Necesitas ayuda para elegir la medida de un n\u00f3rdico<\/a><\/li><\/ul><\/nav><\/div>\n<h2><span class=\"ez-toc-section\" id=\"Tamano_de_nordicos\"><\/span><span style=\"font-size: 120%; color: #993366;\">Tama\u00f1o de n\u00f3rdicos<\/span><span class=\"ez-toc-section-end\"><\/span><\/h2>\n<p style=\"text-align: justify;\">En la siguiente imagen te mostramos de forma muy visual la <strong>correspondencia de la anchura de las camas con la medida de un n\u00f3rdico<\/strong> que est\u00e1 pensado para ese ancho de cama.<\/p>\n<p><img loading=\"lazy\" decoding=\"async\" class=\"aligncenter wp-image-4843 size-full\" title=\"Medidas de la cama y el tama\u00f1o de sus n\u00f3rdicos\" src=\"https:\/\/www.colchones.es\/comparativa\/wp-content\/uploads\/2025\/03\/medidas-nordicos-cama.jpg\" alt=\"medida de un n\u00f3rdico\" width=\"818\" height=\"418\" srcset=\"https:\/\/www.colchones.es\/comparativa\/wp-content\/uploads\/2025\/03\/medidas-nordicos-cama.jpg 818w, https:\/\/www.colchones.es\/comparativa\/wp-content\/uploads\/2025\/03\/medidas-nordicos-cama-300x153.jpg 300w, https:\/\/www.colchones.es\/comparativa\/wp-content\/uploads\/2025\/03\/medidas-nordicos-cama-768x392.jpg 768w, https:\/\/www.colchones.es\/comparativa\/wp-content\/uploads\/2025\/03\/medidas-nordicos-cama-500x256.jpg 500w\" sizes=\"auto, (max-width: 818px) 100vw, 818px\" \/><\/p>\n<h2><span class=\"ez-toc-section\" id=\"Anchos_rellenos_nordicos\"><\/span><span style=\"font-size: 120%; color: #993366;\">Anchos rellenos n\u00f3rdicos<\/span><span class=\"ez-toc-section-end\"><\/span><\/h2>\n<p style=\"text-align: justify;\">Os detallamos los datos de la imagen a continuaci\u00f3n para saber <strong>qu\u00e9 tama\u00f1o de n\u00f3rdico elegir<\/strong> en funci\u00f3n del ancho de tu colch\u00f3n.<\/p>\n<ul>\n<li style=\"text-align: justify;\">Cama ancho 80-90 cm: n\u00f3rdico de 150 cm de ancho.<\/li>\n<li style=\"text-align: justify;\">Colch\u00f3n 105-120 cm: relleno de 180 cm de ancho.<\/li>\n<li style=\"text-align: justify;\">Cama matrimonial de 135 cm: n\u00f3rdico de 220 cm.<\/li>\n<li style=\"text-align: justify;\">Cama doble de ancho 150 cm: funda n\u00f3rdica de 240 cm de ancho.<\/li>\n<li style=\"text-align: justify;\">Cama extra grande de 180 cm de ancho: n\u00f3rdico de 260 cm ancho.<\/li>\n<li style=\"text-align: justify;\">Para colchones gigantes de 200 cm de ancho: el n\u00f3rdico es de 280 cm.<\/li>\n<\/ul>\n<p style=\"text-align: justify;\">En lo que respecta al largo del n\u00f3rdico. Lo marca el largo del colch\u00f3n. Se ha de tener en cuenta que las fundas n\u00f3rdicas con sus rellenos tienen un <strong>largo m\u00ednimo de 220 cm<\/strong>, pensado para los colchones de largo est\u00e1ndar de 190 cm.\u00a0Los otros largos m\u00e1s grandes que aparecen en la imagen, ser\u00edan para <strong>camas m\u00e1s largas como 200, 220 cm<\/strong>.<\/p>\n<p style=\"text-align: justify;\">El <strong>largo de 270 cm<\/strong> est\u00e1 pensado para que se pueda dar la vuelta a la almohada y \u00e9sta quede cubierta con el n\u00f3rdico. De modo que la cama quede bien hecha y totalmente uniforme con la funda n\u00f3rdica.<\/p>\n<p style=\"text-align: justify;\">En Colchones.es contamos con una <a href=\"https:\/\/www.colchones.es\/rellenos-nordicos\/\" target=\"_blank\" rel=\"noopener\">gran variedad de medidas de n\u00f3rdicos<\/a> para que se adapten a <strong>todo tipo de tama\u00f1os de colch\u00f3n<\/strong>. Ya sean est\u00e1ndar o de medidas especiales.<\/p>\n<h3><span class=\"ez-toc-section\" id=\"Medidas_nordico_cama_90\"><\/span><span style=\"font-size: 120%; color: #993366;\">Medidas n\u00f3rdico cama 90<\/span><span class=\"ez-toc-section-end\"><\/span><\/h3>\n<p style=\"text-align: justify;\">Las medidas de una funda n\u00f3rdica para cama de 90 cm de ancho tienen una medida de un n\u00f3rdico de ancho 150 cm. De este modo cuelga la funda por ambos lados y no nos destapamos aunque cambiemos mucho de posici\u00f3n.<\/p>\n<p style=\"text-align: justify;\">En la medida de <strong>funda n\u00f3rdica de ancho 150 cm<\/strong> se puede elegir entre distintos modelos con rellenos de fibra, plumas y plum\u00f3n y lana. Y distintos gramajes para adaptarse a las sensaciones t\u00e9rmicas ideales para frioleros, calurosos.<\/p>\n<p style=\"text-align: justify;\">Los rellenos de plum\u00f3n y lana son m\u00e1s c\u00e1lidos. Los de fibra requieren de un gramaje mayor para dar mayor calidez al descanso. <strong>A favor de los rellenos de fibra est\u00e1 su precio,<\/strong> m\u00e1s econ\u00f3mico y la posibilidad de lavarlos a m\u00e1quina. Los de plum\u00f3n o mezcla de plum\u00f3n y pluma, solo pueden lavarse en seco y son de precio m\u00e1s alto.<\/p>\n<p style=\"text-align: justify;\">Entre los rellenos <strong>n\u00f3rdicos m\u00e1s vendidos para cama de 90 cm<\/strong> de ancho destacan: n\u00f3rdico Aloe Vera Microfibra de Pikol\u00edn Home y el edred\u00f3n n\u00f3rdico Atlantic Sanex de Icelands. Puedes ver m\u00e1s informaci\u00f3n sobre estos modelos visitando las siguientes minifichas.<\/p>\n<style>\n\t\t.cajaMinifichaBlog{display: table;width: 100%;padding:15px 20px;border: solid 1px #efefef;margin-bottom: 20px;border-radius: 5px;}\n\t\t\t.imagenMinifichaBlog{width:20%; display:table-cell;  vertical-align:middle;  margin-right: 1%;}\n\t\t\t.imagenMinifichaBlog img{vertical-align:middle;}\n\t\t\t.bloqueContenidoMinifichaBlog{width:57%;display:table-cell;    vertical-align: top; padding:0 3%}\n\t\t\t\t.tituloMinifichaBlog{font-size: 17px;    color: black;    display: inline-block;    width: 100%;    font-weight: bold;}\n\t\t\t\t.tituloMinifichaBlog a{color: black;font-size: 17px;}\n\t\t\t\t.contenidoMinifichaBlog{font-size:14px; color:black;display:inline-block; width:100%;}\n\t\t\t\t.opinionMinifichaBlog{    font-size: 13px;    color: black;    font-style: italic;    display: inline-block;    width: 100%;    padding: 5px 10px;    background: #009b9f45;    border-radius: 9px;    margin-top: 8px;}\n\t\t\t.bloquePrecioyBotonMinifichaBlog{width:20%;display:table-cell;vertical-align: middle;text-align:right}\n\t\t\t\t.precioDesdeMinifichaBlog{    display: inline-block;    width: 90%;    font-size: 20px;    text-align: center;    font-weight: bold;    color: #c3305d;}\n\t\t\t\t.botonMinifichaBlog{display:inline-block; width:100%;}\n\t\t\t\t.botonMinifichaBlog a{display: inline-block;width: 90%;    background: #c3305d;    text-align: center;    color: white !important;    border-radius: 3px;    padding: 3px 5px;}\n\t\t\t\t.botonMinifichaBlog a:hover{background:#c3305d66; text-decoration:none}\n\t\t\t\t@media (max-width: 768px){\n\t\t\t\t\t.cajaMinifichaBlog{width:49%;margin-right:1%;padding:10px 15px;}\n\t\t\t\t\t.imagenMinifichaBlog{width:100%}\n\t\t\t\t\t.imagenMinifichaBlog img{width:100%}\n\t\t\t\t\t.bloqueContenidoMinifichaBlog{width:100%}\n\t\t\t\t\t.opinionMinifichaBlog{display:none;}\n\t\t\t\n\t\t\t\t\t.bloquePrecioyBotonMinifichaBlog{width:100%}\n\t\t\t\t\t.precioDesdeMinifichaBlog{width:100%}\n\t\t\t\t\t.botonMinifichaBlog{width:100%}\n\t\t\t\t\t.tituloMinifichaBlog{font-size: 14px;}\n\t\t\t\t\t.tituloMinifichaBlog a{color: black;font-size: 14px;}\n\t\t\t\t\t.contenidoMinifichaBlog{font-size:13px;}\n\t\t\t\t\t.botonMinifichaBlog a{width: 100%;}    \n\t\t\t\t}\n\t\t\t<\/style><div class=\"cajaMinifichaBlog\">\n\t\t\t\t<div class=\"imagenMinifichaBlog\">\n\t\t\t\t\t<a href=\"https:\/\/www.colchones.es\/rellenos-nordicos\/icelands-atlantic-sanex-fibra-algodon\/\" onclick=\"\n\t\t\t\tgtag('event', 'clic', { 'event_category' : 'minifichaBlog', 'event_label' : 'minifichaBlog_627'});\"><img decoding=\"async\" src=\"https:\/\/www.colchones.es\/fotos\/slider\/nordico-atlantic-sanex-icelands-00627_3.jpg\"><\/a>\n\t\t\t\t<\/div>\n\t\t\t\t<div class=\"bloqueContenidoMinifichaBlog\">\n\t\t\t\t\t<div class=\"tituloMinifichaBlog\"><a href=\"https:\/\/www.colchones.es\/rellenos-nordicos\/icelands-atlantic-sanex-fibra-algodon\/\" onclick=\"gtag('event', 'clic', { 'event_category' : 'minifichaBlog', 'event_label' : 'minifichaBlog_627'});insClickStats('1496','minifichaBlog_627','https:\/\/www.colchones.es\/comparativa\/wp-json\/wp\/v2\/posts\/4844')\">Edred\u00f3n n\u00f3rdico Atlantic Sanex de Icelands<\/a><\/div>\n\t\t\t\t\t<div class=\"contenidoMinifichaBlog\">Edred\u00f3n n\u00f3rdico Atlantic Sanex con tejido extra suave<\/div><div class=\"opinionMinifichaBlog\"><span style=\"font-size:14px; font-weight:bold\">&ldquo;<\/span>Otros n\u00f3rdicos se quedan planos enseguida, este no. El relleno n\u00f3rdico mantiene el relleno repartido, sigue igual de mullido. Punto a favor: el relleno de fibra, esponjoso. La entrega fue puntual y Manuela, del equipo de atenci\u00f3n, estuvo pendiente en todo momento. Encantada con la compra.<span style=\"font-size:14px;font-weight:bold\">&rdquo;<\/span><\/div>\n\t\t\t\t\t<\/div>\n\t\t\t\t<div class=\"bloquePrecioyBotonMinifichaBlog\">\n\t\t\t\t\t<div class=\"precioDesdeMinifichaBlog\">Desde 59<span style=\"font-size:12px\">,05<\/span><span style=\"font-size:13px;\">&euro;<\/span><\/div>\n\t\t\t\t\t<div class=\"botonMinifichaBlog\"><a href=\"https:\/\/www.colchones.es\/rellenos-nordicos\/icelands-atlantic-sanex-fibra-algodon\/\" onclick=\"ga('send', 'event', 'botones', 'clic', 'minifichaBlog');insClickStats('1496','minifichaBlog_627','https:\/\/www.colchones.es\/comparativa\/wp-json\/wp\/v2\/posts\/4844');\">Ver Oferta<\/a><\/div>\n\t\t\t\t<\/div>\n\t\t\t<\/div><div class=\"cajaMinifichaBlog\">\n\t\t\t\t<div class=\"imagenMinifichaBlog\">\n\t\t\t\t\t<a href=\"https:\/\/www.colchones.es\/rellenos-nordicos\/Pikolin-Home-Aloe-Vera-microfibra-antibacteriano\/\" onclick=\"\n\t\t\t\tgtag('event', 'clic', { 'event_category' : 'minifichaBlog', 'event_label' : 'minifichaBlog_1222'});\"><img decoding=\"async\" src=\"https:\/\/www.colchones.es\/fotos\/slider\/rellenos-nordicos-Pikolin-Home-Aloe-Vera-microfibra-antibacteriano--1222_3.jpg\"><\/a>\n\t\t\t\t<\/div>\n\t\t\t\t<div class=\"bloqueContenidoMinifichaBlog\">\n\t\t\t\t\t<div class=\"tituloMinifichaBlog\"><a href=\"https:\/\/www.colchones.es\/rellenos-nordicos\/Pikolin-Home-Aloe-Vera-microfibra-antibacteriano\/\" onclick=\"gtag('event', 'clic', { 'event_category' : 'minifichaBlog', 'event_label' : 'minifichaBlog_1222'});insClickStats('1496','minifichaBlog_1222','https:\/\/www.colchones.es\/comparativa\/wp-json\/wp\/v2\/posts\/4844')\">N\u00f3rdico Aloe Vera Microfibra de Pikol\u00edn Home<\/a><\/div>\n\t\t\t\t\t<div class=\"contenidoMinifichaBlog\">Relleno N\u00f3rdico Aloe Vera Microfibra; suave y transpirable<\/div><div class=\"opinionMinifichaBlog\"><span style=\"font-size:14px; font-weight:bold\">&ldquo;<\/span>Otros n\u00f3rdicos se quedan planos enseguida, este no. El n\u00f3rdico Pikolin Home mantiene el relleno repartido, sigue igual de mullido. Para m\u00ed, el tratamiento con aloe vera, suave con la piel es lo que marca la diferencia con otros. Cumplieron el plazo a rajatabla y Manuela hizo el seguimiento del pedido sin que tuviera que insistir. Encantado con la compra.<span style=\"font-size:14px;font-weight:bold\">&rdquo;<\/span><\/div>\n\t\t\t\t\t<\/div>\n\t\t\t\t<div class=\"bloquePrecioyBotonMinifichaBlog\">\n\t\t\t\t\t<div class=\"precioDesdeMinifichaBlog\">Desde 58<span style=\"font-size:12px\">,44<\/span><span style=\"font-size:13px;\">&euro;<\/span><\/div>\n\t\t\t\t\t<div class=\"botonMinifichaBlog\"><a href=\"https:\/\/www.colchones.es\/rellenos-nordicos\/Pikolin-Home-Aloe-Vera-microfibra-antibacteriano\/\" onclick=\"ga('send', 'event', 'botones', 'clic', 'minifichaBlog');insClickStats('1496','minifichaBlog_1222','https:\/\/www.colchones.es\/comparativa\/wp-json\/wp\/v2\/posts\/4844');\">Ver Oferta<\/a><\/div>\n\t\t\t\t<\/div>\n\t\t\t<\/div>\n<h3><span class=\"ez-toc-section\" id=\"Medidas_funda_nordica_cama_105\"><\/span><span style=\"font-size: 120%; color: #993366;\">Medidas funda n\u00f3rdica cama 105<\/span><span class=\"ez-toc-section-end\"><\/span><\/h3>\n<p style=\"text-align: justify;\">Para camas individuales un poco m\u00e1s anchas, de 105 \u00f3 120 cm, la <strong>medida de un n\u00f3rdico es de 180 cm de ancho<\/strong>. En este tama\u00f1o, los n\u00f3rdicos m\u00e1s vendidos son: los dos anteriores junto con el modelo de edred\u00f3n n\u00f3rdico Hungary 400 de Icelands.<\/p>\n<p style=\"text-align: justify;\"><style>\n\t\t.cajaMinifichaBlog{display: table;width: 100%;padding:15px 20px;border: solid 1px #efefef;margin-bottom: 20px;border-radius: 5px;}\n\t\t\t.imagenMinifichaBlog{width:20%; display:table-cell;  vertical-align:middle;  margin-right: 1%;}\n\t\t\t.imagenMinifichaBlog img{vertical-align:middle;}\n\t\t\t.bloqueContenidoMinifichaBlog{width:57%;display:table-cell;    vertical-align: top; padding:0 3%}\n\t\t\t\t.tituloMinifichaBlog{font-size: 17px;    color: black;    display: inline-block;    width: 100%;    font-weight: bold;}\n\t\t\t\t.tituloMinifichaBlog a{color: black;font-size: 17px;}\n\t\t\t\t.contenidoMinifichaBlog{font-size:14px; color:black;display:inline-block; width:100%;}\n\t\t\t\t.opinionMinifichaBlog{    font-size: 13px;    color: black;    font-style: italic;    display: inline-block;    width: 100%;    padding: 5px 10px;    background: #009b9f45;    border-radius: 9px;    margin-top: 8px;}\n\t\t\t.bloquePrecioyBotonMinifichaBlog{width:20%;display:table-cell;vertical-align: middle;text-align:right}\n\t\t\t\t.precioDesdeMinifichaBlog{    display: inline-block;    width: 90%;    font-size: 20px;    text-align: center;    font-weight: bold;    color: #c3305d;}\n\t\t\t\t.botonMinifichaBlog{display:inline-block; width:100%;}\n\t\t\t\t.botonMinifichaBlog a{display: inline-block;width: 90%;    background: #c3305d;    text-align: center;    color: white !important;    border-radius: 3px;    padding: 3px 5px;}\n\t\t\t\t.botonMinifichaBlog a:hover{background:#c3305d66; text-decoration:none}\n\t\t\t\t@media (max-width: 768px){\n\t\t\t\t\t.cajaMinifichaBlog{width:49%;margin-right:1%;padding:10px 15px;}\n\t\t\t\t\t.imagenMinifichaBlog{width:100%}\n\t\t\t\t\t.imagenMinifichaBlog img{width:100%}\n\t\t\t\t\t.bloqueContenidoMinifichaBlog{width:100%}\n\t\t\t\t\t.opinionMinifichaBlog{display:none;}\n\t\t\t\n\t\t\t\t\t.bloquePrecioyBotonMinifichaBlog{width:100%}\n\t\t\t\t\t.precioDesdeMinifichaBlog{width:100%}\n\t\t\t\t\t.botonMinifichaBlog{width:100%}\n\t\t\t\t\t.tituloMinifichaBlog{font-size: 14px;}\n\t\t\t\t\t.tituloMinifichaBlog a{color: black;font-size: 14px;}\n\t\t\t\t\t.contenidoMinifichaBlog{font-size:13px;}\n\t\t\t\t\t.botonMinifichaBlog a{width: 100%;}    \n\t\t\t\t}\n\t\t\t<\/style><div class=\"cajaMinifichaBlog\">\n\t\t\t\t<div class=\"imagenMinifichaBlog\">\n\t\t\t\t\t<a href=\"https:\/\/www.colchones.es\/rellenos-nordicos\/Icelands-Hungary-fibra-algodon\/\" onclick=\"\n\t\t\t\tgtag('event', 'clic', { 'event_category' : 'minifichaBlog', 'event_label' : 'minifichaBlog_1095'});\"><img decoding=\"async\" src=\"https:\/\/www.colchones.es\/fotos\/slider\/01095_3.jpg\"><\/a>\n\t\t\t\t<\/div>\n\t\t\t\t<div class=\"bloqueContenidoMinifichaBlog\">\n\t\t\t\t\t<div class=\"tituloMinifichaBlog\"><a href=\"https:\/\/www.colchones.es\/rellenos-nordicos\/Icelands-Hungary-fibra-algodon\/\" onclick=\"gtag('event', 'clic', { 'event_category' : 'minifichaBlog', 'event_label' : 'minifichaBlog_1095'});insClickStats('1496','minifichaBlog_1095','https:\/\/www.colchones.es\/comparativa\/wp-json\/wp\/v2\/posts\/4844')\">edred\u00f3n n\u00f3rdico Hungary 400 de Icelands<\/a><\/div>\n\t\t\t\t\t<div class=\"contenidoMinifichaBlog\">Edred\u00f3n n\u00f3rdico Hungary con tejido 100% algod\u00f3n de 400 gramos<\/div><div class=\"opinionMinifichaBlog\"><span style=\"font-size:14px; font-weight:bold\">&ldquo;<\/span>El tacto es lo que me enamor\u00f3, suave de verdad. El n\u00f3rdico Icelands Hungary da un gustazo cada noche, parece que te abraza. Y ojo con el relleno de fibra, esponjoso, que se nota de verdad. La entrega fue puntual y Ester, del equipo de atenci\u00f3n, estuvo pendiente en todo momento. Lo volver\u00eda a elegir.<span style=\"font-size:14px;font-weight:bold\">&rdquo;<\/span><\/div>\n\t\t\t\t\t<\/div>\n\t\t\t\t<div class=\"bloquePrecioyBotonMinifichaBlog\">\n\t\t\t\t\t<div class=\"precioDesdeMinifichaBlog\">Desde 76<span style=\"font-size:12px\">,39<\/span><span style=\"font-size:13px;\">&euro;<\/span><\/div>\n\t\t\t\t\t<div class=\"botonMinifichaBlog\"><a href=\"https:\/\/www.colchones.es\/rellenos-nordicos\/Icelands-Hungary-fibra-algodon\/\" onclick=\"ga('send', 'event', 'botones', 'clic', 'minifichaBlog');insClickStats('1496','minifichaBlog_1095','https:\/\/www.colchones.es\/comparativa\/wp-json\/wp\/v2\/posts\/4844');\">Ver Oferta<\/a><\/div>\n\t\t\t\t<\/div>\n\t\t\t<\/div><\/p>\n<h3><span class=\"ez-toc-section\" id=\"Medidas_funda_nordica_cama_135\"><\/span><span style=\"font-size: 120%; color: #993366;\">Medidas funda n\u00f3rdica cama 135<\/span><span class=\"ez-toc-section-end\"><\/span><\/h3>\n<p style=\"text-align: justify;\">Las <strong>medidas del n\u00f3rdico para cama de 135 cm, la de matrimonio de toda la vida<\/strong>, son de 220 cm de ancho. De este modo ning\u00fan miembro de la pareja se queda sin funda n\u00f3rdica en su lado.<\/p>\n<p style=\"text-align: justify;\">En caso de dormir en pareja, desde Colchones.es os recomendamos el <strong>n\u00f3rdico Duo 4 Estaciones de Belnou<\/strong>. En este modelo cada durmiente puede elegir el gramaje que m\u00e1s le guste. As\u00ed se adapta a parejas de frioleros y calurosos.<\/p>\n<p style=\"text-align: justify;\"><style>\n\t\t.cajaMinifichaBlog{display: table;width: 100%;padding:15px 20px;border: solid 1px #efefef;margin-bottom: 20px;border-radius: 5px;}\n\t\t\t.imagenMinifichaBlog{width:20%; display:table-cell;  vertical-align:middle;  margin-right: 1%;}\n\t\t\t.imagenMinifichaBlog img{vertical-align:middle;}\n\t\t\t.bloqueContenidoMinifichaBlog{width:57%;display:table-cell;    vertical-align: top; padding:0 3%}\n\t\t\t\t.tituloMinifichaBlog{font-size: 17px;    color: black;    display: inline-block;    width: 100%;    font-weight: bold;}\n\t\t\t\t.tituloMinifichaBlog a{color: black;font-size: 17px;}\n\t\t\t\t.contenidoMinifichaBlog{font-size:14px; color:black;display:inline-block; width:100%;}\n\t\t\t\t.opinionMinifichaBlog{    font-size: 13px;    color: black;    font-style: italic;    display: inline-block;    width: 100%;    padding: 5px 10px;    background: #009b9f45;    border-radius: 9px;    margin-top: 8px;}\n\t\t\t.bloquePrecioyBotonMinifichaBlog{width:20%;display:table-cell;vertical-align: middle;text-align:right}\n\t\t\t\t.precioDesdeMinifichaBlog{    display: inline-block;    width: 90%;    font-size: 20px;    text-align: center;    font-weight: bold;    color: #c3305d;}\n\t\t\t\t.botonMinifichaBlog{display:inline-block; width:100%;}\n\t\t\t\t.botonMinifichaBlog a{display: inline-block;width: 90%;    background: #c3305d;    text-align: center;    color: white !important;    border-radius: 3px;    padding: 3px 5px;}\n\t\t\t\t.botonMinifichaBlog a:hover{background:#c3305d66; text-decoration:none}\n\t\t\t\t@media (max-width: 768px){\n\t\t\t\t\t.cajaMinifichaBlog{width:49%;margin-right:1%;padding:10px 15px;}\n\t\t\t\t\t.imagenMinifichaBlog{width:100%}\n\t\t\t\t\t.imagenMinifichaBlog img{width:100%}\n\t\t\t\t\t.bloqueContenidoMinifichaBlog{width:100%}\n\t\t\t\t\t.opinionMinifichaBlog{display:none;}\n\t\t\t\n\t\t\t\t\t.bloquePrecioyBotonMinifichaBlog{width:100%}\n\t\t\t\t\t.precioDesdeMinifichaBlog{width:100%}\n\t\t\t\t\t.botonMinifichaBlog{width:100%}\n\t\t\t\t\t.tituloMinifichaBlog{font-size: 14px;}\n\t\t\t\t\t.tituloMinifichaBlog a{color: black;font-size: 14px;}\n\t\t\t\t\t.contenidoMinifichaBlog{font-size:13px;}\n\t\t\t\t\t.botonMinifichaBlog a{width: 100%;}    \n\t\t\t\t}\n\t\t\t<\/style><div class=\"cajaMinifichaBlog\">\n\t\t\t\t<div class=\"imagenMinifichaBlog\">\n\t\t\t\t\t<a href=\"https:\/\/www.colchones.es\/rellenos-nordicos\/belnou-duo-4-estaciones-fibra\/\" onclick=\"\n\t\t\t\tgtag('event', 'clic', { 'event_category' : 'minifichaBlog', 'event_label' : 'minifichaBlog_620'});\"><img decoding=\"async\" src=\"https:\/\/www.colchones.es\/fotos\/slider\/nordico-duo-4-estaciones-belnou-00620_3.jpg\"><\/a>\n\t\t\t\t<\/div>\n\t\t\t\t<div class=\"bloqueContenidoMinifichaBlog\">\n\t\t\t\t\t<div class=\"tituloMinifichaBlog\"><a href=\"https:\/\/www.colchones.es\/rellenos-nordicos\/belnou-duo-4-estaciones-fibra\/\" onclick=\"gtag('event', 'clic', { 'event_category' : 'minifichaBlog', 'event_label' : 'minifichaBlog_620'});insClickStats('1496','minifichaBlog_620','https:\/\/www.colchones.es\/comparativa\/wp-json\/wp\/v2\/posts\/4844')\">N\u00f3rdico Duo 4 Estaciones de Belnou<\/a><\/div>\n\t\t\t\t\t<div class=\"contenidoMinifichaBlog\">Compra tu n\u00f3rdico Belnou Duo 4 Estaciones aqu\u00ed<\/div><div class=\"opinionMinifichaBlog\"><span style=\"font-size:14px; font-weight:bold\">&ldquo;<\/span>Todo OK. Me llamaron para corregir error en el pedido. MUY RECOMENDABLE<span style=\"font-size:14px;font-weight:bold\">&rdquo;<\/span><\/div>\n\t\t\t\t\t<\/div>\n\t\t\t\t<div class=\"bloquePrecioyBotonMinifichaBlog\">\n\t\t\t\t\t<div class=\"precioDesdeMinifichaBlog\">Desde 29<span style=\"font-size:12px\">,94<\/span><span style=\"font-size:13px;\">&euro;<\/span><\/div>\n\t\t\t\t\t<div class=\"botonMinifichaBlog\"><a href=\"https:\/\/www.colchones.es\/rellenos-nordicos\/belnou-duo-4-estaciones-fibra\/\" onclick=\"ga('send', 'event', 'botones', 'clic', 'minifichaBlog');insClickStats('1496','minifichaBlog_620','https:\/\/www.colchones.es\/comparativa\/wp-json\/wp\/v2\/posts\/4844');\">Ver Oferta<\/a><\/div>\n\t\t\t\t<\/div>\n\t\t\t<\/div><\/p>\n<p style=\"text-align: justify;\">El n\u00f3rdico 4 Estaciones en versi\u00f3n Duo permite <strong>unir dos rellenos<\/strong> de la misma medida de modo que puedes tener un n\u00f3rdico de 250 gr \u00f3 de 125 gr, para adaptarlo a las 4 estaciones del a\u00f1o. Y, adem\u00e1s, cada durmiente puede elegir si sumar o restar poder calor\u00edfico en su lado. La uni\u00f3n es muy f\u00e1cil (con corchotes). Es un relleno de gran calidad con fibra hueca siliconada termoligada que ofrece calor, ligereza y recuperaci\u00f3n. Y se puede lavar a m\u00e1quina a un m\u00e1ximo de 30 grados.<\/p>\n<h3><span class=\"ez-toc-section\" id=\"Que_tamano_de_funda_nordica_para_cama_de_150\"><\/span><span style=\"font-size: 120%; color: #993366;\">Qu\u00e9 tama\u00f1o de funda n\u00f3rdica para cama de 150<\/span><span class=\"ez-toc-section-end\"><\/span><\/h3>\n<p style=\"text-align: justify;\">Las parejas en la actualidad han agrandado su cama de matrimonio. Hoy en d\u00eda, <strong>el ancho de 150 cm es considerado est\u00e1ndar<\/strong> para una cama matrimonial. En este caso, el tama\u00f1o de la funda n\u00f3rdica para cama de 150, tiene un ancho de 240 cm.<\/p>\n<p style=\"text-align: justify;\">En esta medida de <strong>n\u00f3rdico de ancho de 240 cm<\/strong> hay dos superventas: edred\u00f3n n\u00f3rdico de Belnou Tacto Seda y n\u00f3rdico Sport 300 de Bellson. Puedes saber m\u00e1s a continuaci\u00f3n.<\/p>\n<p style=\"text-align: justify;\"><style>\n\t\t.cajaMinifichaBlog{display: table;width: 100%;padding:15px 20px;border: solid 1px #efefef;margin-bottom: 20px;border-radius: 5px;}\n\t\t\t.imagenMinifichaBlog{width:20%; display:table-cell;  vertical-align:middle;  margin-right: 1%;}\n\t\t\t.imagenMinifichaBlog img{vertical-align:middle;}\n\t\t\t.bloqueContenidoMinifichaBlog{width:57%;display:table-cell;    vertical-align: top; padding:0 3%}\n\t\t\t\t.tituloMinifichaBlog{font-size: 17px;    color: black;    display: inline-block;    width: 100%;    font-weight: bold;}\n\t\t\t\t.tituloMinifichaBlog a{color: black;font-size: 17px;}\n\t\t\t\t.contenidoMinifichaBlog{font-size:14px; color:black;display:inline-block; width:100%;}\n\t\t\t\t.opinionMinifichaBlog{    font-size: 13px;    color: black;    font-style: italic;    display: inline-block;    width: 100%;    padding: 5px 10px;    background: #009b9f45;    border-radius: 9px;    margin-top: 8px;}\n\t\t\t.bloquePrecioyBotonMinifichaBlog{width:20%;display:table-cell;vertical-align: middle;text-align:right}\n\t\t\t\t.precioDesdeMinifichaBlog{    display: inline-block;    width: 90%;    font-size: 20px;    text-align: center;    font-weight: bold;    color: #c3305d;}\n\t\t\t\t.botonMinifichaBlog{display:inline-block; width:100%;}\n\t\t\t\t.botonMinifichaBlog a{display: inline-block;width: 90%;    background: #c3305d;    text-align: center;    color: white !important;    border-radius: 3px;    padding: 3px 5px;}\n\t\t\t\t.botonMinifichaBlog a:hover{background:#c3305d66; text-decoration:none}\n\t\t\t\t@media (max-width: 768px){\n\t\t\t\t\t.cajaMinifichaBlog{width:49%;margin-right:1%;padding:10px 15px;}\n\t\t\t\t\t.imagenMinifichaBlog{width:100%}\n\t\t\t\t\t.imagenMinifichaBlog img{width:100%}\n\t\t\t\t\t.bloqueContenidoMinifichaBlog{width:100%}\n\t\t\t\t\t.opinionMinifichaBlog{display:none;}\n\t\t\t\n\t\t\t\t\t.bloquePrecioyBotonMinifichaBlog{width:100%}\n\t\t\t\t\t.precioDesdeMinifichaBlog{width:100%}\n\t\t\t\t\t.botonMinifichaBlog{width:100%}\n\t\t\t\t\t.tituloMinifichaBlog{font-size: 14px;}\n\t\t\t\t\t.tituloMinifichaBlog a{color: black;font-size: 14px;}\n\t\t\t\t\t.contenidoMinifichaBlog{font-size:13px;}\n\t\t\t\t\t.botonMinifichaBlog a{width: 100%;}    \n\t\t\t\t}\n\t\t\t<\/style><div class=\"cajaMinifichaBlog\">\n\t\t\t\t<div class=\"imagenMinifichaBlog\">\n\t\t\t\t\t<a href=\"https:\/\/www.colchones.es\/rellenos-nordicos\/belnou-tacto-seda\/\" onclick=\"\n\t\t\t\tgtag('event', 'clic', { 'event_category' : 'minifichaBlog', 'event_label' : 'minifichaBlog_638'});\"><img decoding=\"async\" src=\"https:\/\/www.colchones.es\/fotos\/slider\/nordico-nordico-belnou-tacto-seda-00638_3.jpg\"><\/a>\n\t\t\t\t<\/div>\n\t\t\t\t<div class=\"bloqueContenidoMinifichaBlog\">\n\t\t\t\t\t<div class=\"tituloMinifichaBlog\"><a href=\"https:\/\/www.colchones.es\/rellenos-nordicos\/belnou-tacto-seda\/\" onclick=\"gtag('event', 'clic', { 'event_category' : 'minifichaBlog', 'event_label' : 'minifichaBlog_638'});insClickStats('1496','minifichaBlog_638','https:\/\/www.colchones.es\/comparativa\/wp-json\/wp\/v2\/posts\/4844')\">Edred\u00f3n n\u00f3rdico de Belnou Tacto Seda<\/a><\/div>\n\t\t\t\t\t<div class=\"contenidoMinifichaBlog\">Consigue tu edred\u00f3n n\u00f3rdico de Belnou aqu\u00ed<\/div><div class=\"opinionMinifichaBlog\"><span style=\"font-size:14px; font-weight:bold\">&ldquo;<\/span>El colch\u00f3n es estupendo,  duermo de maravilla.  De hecho mi hermana se ha comprado el mismo porque se lo he aconsejado.<span style=\"font-size:14px;font-weight:bold\">&rdquo;<\/span><\/div>\n\t\t\t\t\t<\/div>\n\t\t\t\t<div class=\"bloquePrecioyBotonMinifichaBlog\">\n\t\t\t\t\t<div class=\"precioDesdeMinifichaBlog\">Desde 28<span style=\"font-size:12px\">,44<\/span><span style=\"font-size:13px;\">&euro;<\/span><\/div>\n\t\t\t\t\t<div class=\"botonMinifichaBlog\"><a href=\"https:\/\/www.colchones.es\/rellenos-nordicos\/belnou-tacto-seda\/\" onclick=\"ga('send', 'event', 'botones', 'clic', 'minifichaBlog');insClickStats('1496','minifichaBlog_638','https:\/\/www.colchones.es\/comparativa\/wp-json\/wp\/v2\/posts\/4844');\">Ver Oferta<\/a><\/div>\n\t\t\t\t<\/div>\n\t\t\t<\/div><\/p>\n<h3><span class=\"ez-toc-section\" id=\"Medida_nordico_cama_180\"><\/span><span style=\"font-size: 120%; color: #993366;\">Medida n\u00f3rdico cama 180<\/span><span class=\"ez-toc-section-end\"><\/span><\/h3>\n<p style=\"text-align: justify;\">Y para camas dobles de <strong>ancho extra grande, de 180 cm<\/strong>, la medida de la funda n\u00f3rdica es de 280 cm de ancho. En esta medida tienes muchos modelos a elegir en Colchones.es. Entre ellos: n\u00f3rdico Nature 270 de Bellson y el n\u00f3rdico B\u00e1sico Plum\u00f3n de Icelands.<\/p>\n<p style=\"text-align: justify;\"><style>\n\t\t.cajaMinifichaBlog{display: table;width: 100%;padding:15px 20px;border: solid 1px #efefef;margin-bottom: 20px;border-radius: 5px;}\n\t\t\t.imagenMinifichaBlog{width:20%; display:table-cell;  vertical-align:middle;  margin-right: 1%;}\n\t\t\t.imagenMinifichaBlog img{vertical-align:middle;}\n\t\t\t.bloqueContenidoMinifichaBlog{width:57%;display:table-cell;    vertical-align: top; padding:0 3%}\n\t\t\t\t.tituloMinifichaBlog{font-size: 17px;    color: black;    display: inline-block;    width: 100%;    font-weight: bold;}\n\t\t\t\t.tituloMinifichaBlog a{color: black;font-size: 17px;}\n\t\t\t\t.contenidoMinifichaBlog{font-size:14px; color:black;display:inline-block; width:100%;}\n\t\t\t\t.opinionMinifichaBlog{    font-size: 13px;    color: black;    font-style: italic;    display: inline-block;    width: 100%;    padding: 5px 10px;    background: #009b9f45;    border-radius: 9px;    margin-top: 8px;}\n\t\t\t.bloquePrecioyBotonMinifichaBlog{width:20%;display:table-cell;vertical-align: middle;text-align:right}\n\t\t\t\t.precioDesdeMinifichaBlog{    display: inline-block;    width: 90%;    font-size: 20px;    text-align: center;    font-weight: bold;    color: #c3305d;}\n\t\t\t\t.botonMinifichaBlog{display:inline-block; width:100%;}\n\t\t\t\t.botonMinifichaBlog a{display: inline-block;width: 90%;    background: #c3305d;    text-align: center;    color: white !important;    border-radius: 3px;    padding: 3px 5px;}\n\t\t\t\t.botonMinifichaBlog a:hover{background:#c3305d66; text-decoration:none}\n\t\t\t\t@media (max-width: 768px){\n\t\t\t\t\t.cajaMinifichaBlog{width:49%;margin-right:1%;padding:10px 15px;}\n\t\t\t\t\t.imagenMinifichaBlog{width:100%}\n\t\t\t\t\t.imagenMinifichaBlog img{width:100%}\n\t\t\t\t\t.bloqueContenidoMinifichaBlog{width:100%}\n\t\t\t\t\t.opinionMinifichaBlog{display:none;}\n\t\t\t\n\t\t\t\t\t.bloquePrecioyBotonMinifichaBlog{width:100%}\n\t\t\t\t\t.precioDesdeMinifichaBlog{width:100%}\n\t\t\t\t\t.botonMinifichaBlog{width:100%}\n\t\t\t\t\t.tituloMinifichaBlog{font-size: 14px;}\n\t\t\t\t\t.tituloMinifichaBlog a{color: black;font-size: 14px;}\n\t\t\t\t\t.contenidoMinifichaBlog{font-size:13px;}\n\t\t\t\t\t.botonMinifichaBlog a{width: 100%;}    \n\t\t\t\t}\n\t\t\t<\/style><div class=\"cajaMinifichaBlog\">\n\t\t\t\t<div class=\"imagenMinifichaBlog\">\n\t\t\t\t\t<a href=\"https:\/\/www.colchones.es\/rellenos-nordicos\/icelands-basico-plumon\/\" onclick=\"\n\t\t\t\tgtag('event', 'clic', { 'event_category' : 'minifichaBlog', 'event_label' : 'minifichaBlog_624'});\"><img decoding=\"async\" src=\"https:\/\/www.colchones.es\/fotos\/slider\/rellenos-nordicos-icelands-basico-plumon--00624_3.jpg\"><\/a>\n\t\t\t\t<\/div>\n\t\t\t\t<div class=\"bloqueContenidoMinifichaBlog\">\n\t\t\t\t\t<div class=\"tituloMinifichaBlog\"><a href=\"https:\/\/www.colchones.es\/rellenos-nordicos\/icelands-basico-plumon\/\" onclick=\"gtag('event', 'clic', { 'event_category' : 'minifichaBlog', 'event_label' : 'minifichaBlog_624'});insClickStats('1496','minifichaBlog_624','https:\/\/www.colchones.es\/comparativa\/wp-json\/wp\/v2\/posts\/4844')\">N\u00f3rdico b\u00e1sico plum\u00f3n de Icelands<\/a><\/div>\n\t\t\t\t\t<div class=\"contenidoMinifichaBlog\">Descuento del 30% en el edred\u00f3n n\u00f3rdico b\u00e1sico plum\u00f3n<\/div><div class=\"opinionMinifichaBlog\"><span style=\"font-size:14px; font-weight:bold\">&ldquo;<\/span>Anteriomente compre en Mayo un colchon y un canape y ahora un nordico y en cuanto a servicio, atenci&oacute;n al cliente y experiencia de compra es una compa&ntilde;&iacute;a increible, mucho mejor que cualquier competidor. Cuando vuelva a necesitar algo para dormitorio sin duda repetir&eacute;.<span style=\"font-size:14px;font-weight:bold\">&rdquo;<\/span><\/div>\n\t\t\t\t\t<\/div>\n\t\t\t\t<div class=\"bloquePrecioyBotonMinifichaBlog\">\n\t\t\t\t\t<div class=\"precioDesdeMinifichaBlog\">Desde 74<span style=\"font-size:12px\">,06<\/span><span style=\"font-size:13px;\">&euro;<\/span><\/div>\n\t\t\t\t\t<div class=\"botonMinifichaBlog\"><a href=\"https:\/\/www.colchones.es\/rellenos-nordicos\/icelands-basico-plumon\/\" onclick=\"ga('send', 'event', 'botones', 'clic', 'minifichaBlog');insClickStats('1496','minifichaBlog_624','https:\/\/www.colchones.es\/comparativa\/wp-json\/wp\/v2\/posts\/4844');\">Ver Oferta<\/a><\/div>\n\t\t\t\t<\/div>\n\t\t\t<\/div><\/p>\n<h2><span class=\"ez-toc-section\" id=\"Necesitas_ayuda_para_elegir_la_medida_de_un_nordico\"><\/span><span style=\"font-size: 120%; color: #993366;\">Necesitas ayuda para elegir la medida de un n\u00f3rdico<\/span><span class=\"ez-toc-section-end\"><\/span><\/h2>\n<p style=\"text-align: justify;\">En Colchones.es contamos con personal experto en descanso que te atienden sin compromiso. <strong>Llama gratis al 900.701.086<\/strong> y habla con nuestro expertos para recibir informaci\u00f3n sobre el relleno n\u00f3rdico ideal para tu cama.<\/p>\n<p style=\"text-align: justify;\">Si necesitas un n\u00f3rdico para <a href=\"https:\/\/www.colchones.es\/rellenos-nordicos\/200\/\" target=\"_blank\" rel=\"noopener\">camas gigantes de 2 metros de ancho<\/a>, en Colchones.es tambi\u00e9n lo encuentras al mejor precio del mercado.<\/p>\n<p style=\"text-align: justify;\">Todos los rellenos n\u00f3rdicos de Colchones.es tiene una <strong>garant\u00eda m\u00ednima de 3 a\u00f1os<\/strong> y se env\u00edan a domicilio con mucho cuidado. Y si en un periodo de 30 d\u00edas desde que realizas la compra, el n\u00f3rdico baja de precio, te devolvemos la diferencia que pagaste de m\u00e1s.<\/p>\n","protected":false},"excerpt":{"rendered":"<p>Los n\u00f3rdicos son una gran elecci\u00f3n para sumar calidez a tu cama sin tener que soportar el exceso de peso de las mantas. Adem\u00e1s, las fundas n\u00f3rdicas visten tu cama y se adaptan a la decoraci\u00f3n de tu dormitorio. En &hellip; <a href=\"https:\/\/www.colchones.es\/comparativa\/como-elegir-la-medida-de-un-nordico\/\">Sigue leyendo <span class=\"meta-nav\">&rarr;<\/span><\/a><\/p>\n","protected":false},"author":2,"featured_media":0,"comment_status":"open","ping_status":"open","sticky":false,"template":"","format":"standard","meta":{"footnotes":""},"categories":[346],"tags":[1033,1037,1036,1038,1035,1030,1034,1031,1032],"class_list":["post-4844","post","type-post","status-publish","format-standard","hentry","category-nordicos","tag-medida-nordico-cama-180","tag-medidas-funda-nordica-cama-105","tag-medidas-funda-nordica-cama-135","tag-medidas-funda-nordica-cama-de-90","tag-medidas-nordico-cama-135","tag-medidas-nordico-cama-90","tag-que-tamano-de-funda-nordica-para-cama-de-150","tag-tamano-de-nordicos","tag-tamano-funda-nordica-cama-150"],"yoast_head":"<!-- This site is optimized with the Yoast SEO plugin v28.0 - https:\/\/yoast.com\/product\/yoast-seo-wordpress\/ -->\n<title>C\u00f3mo elegir la medida de un n\u00f3rdico - Colchones.es<\/title>\n<meta name=\"description\" content=\"En Colchones.es te explicamos c\u00f3mo elegir la medida de un n\u00f3rdico. Descubre tama\u00f1o adecuado del n\u00f3rdico en funci\u00f3n de la medida de tu cama.\" \/>\n<meta name=\"robots\" content=\"index, follow, max-snippet:-1, max-image-preview:large, max-video-preview:-1\" \/>\n<link rel=\"canonical\" href=\"https:\/\/www.colchones.es\/comparativa\/como-elegir-la-medida-de-un-nordico\/\" \/>\n<meta name=\"twitter:card\" content=\"summary_large_image\" \/>\n<meta name=\"twitter:title\" content=\"C\u00f3mo elegir la medida de un n\u00f3rdico - Colchones.es\" \/>\n<meta name=\"twitter:description\" content=\"En Colchones.es te explicamos c\u00f3mo elegir la medida de un n\u00f3rdico. Descubre tama\u00f1o adecuado del n\u00f3rdico en funci\u00f3n de la medida de tu cama.\" \/>\n<meta name=\"twitter:image\" content=\"https:\/\/www.colchones.es\/comparativa\/wp-content\/uploads\/2025\/03\/medidas-nordicos-cama.jpg\" \/>\n<meta name=\"twitter:label1\" content=\"Escrito por\" \/>\n\t<meta name=\"twitter:data1\" content=\"Inma Molt\u00f3\" \/>\n\t<meta name=\"twitter:label2\" content=\"Tiempo de lectura\" \/>\n\t<meta name=\"twitter:data2\" content=\"5 minutos\" \/>\n<script type=\"application\/ld+json\" class=\"yoast-schema-graph\">{\"@context\":\"https:\\\/\\\/schema.org\",\"@graph\":[{\"@type\":\"Article\",\"@id\":\"https:\\\/\\\/www.colchones.es\\\/comparativa\\\/como-elegir-la-medida-de-un-nordico\\\/#article\",\"isPartOf\":{\"@id\":\"https:\\\/\\\/www.colchones.es\\\/comparativa\\\/como-elegir-la-medida-de-un-nordico\\\/\"},\"author\":{\"name\":\"Inma Molt\u00f3\",\"@id\":\"https:\\\/\\\/www.colchones.es\\\/comparativa\\\/#\\\/schema\\\/person\\\/4c53aefddb56b6c33d7b45341e0bc263\"},\"headline\":\"C\u00f3mo elegir la medida de un n\u00f3rdico\",\"datePublished\":\"2025-03-26T15:30:25+00:00\",\"dateModified\":\"2025-03-26T15:30:46+00:00\",\"mainEntityOfPage\":{\"@id\":\"https:\\\/\\\/www.colchones.es\\\/comparativa\\\/como-elegir-la-medida-de-un-nordico\\\/\"},\"wordCount\":1101,\"commentCount\":0,\"image\":{\"@id\":\"https:\\\/\\\/www.colchones.es\\\/comparativa\\\/como-elegir-la-medida-de-un-nordico\\\/#primaryimage\"},\"thumbnailUrl\":\"https:\\\/\\\/www.colchones.es\\\/comparativa\\\/wp-content\\\/uploads\\\/2025\\\/03\\\/medidas-nordicos-cama.jpg\",\"keywords\":[\"medida n\u00f3rdico cama 180\",\"medidas funda n\u00f3rdica cama 105\",\"medidas funda n\u00f3rdica cama 135\",\"medidas funda n\u00f3rdica cama de 90\",\"medidas n\u00f3rdico cama 135\",\"medidas n\u00f3rdico cama 90\",\"que tama\u00f1o de funda n\u00f3rdica para cama de 150\",\"tama\u00f1o de n\u00f3rdicos\",\"tama\u00f1o funda n\u00f3rdica cama 150\"],\"articleSection\":[\"N\u00f3rdicos\"],\"inLanguage\":\"es\",\"potentialAction\":[{\"@type\":\"CommentAction\",\"name\":\"Comment\",\"target\":[\"https:\\\/\\\/www.colchones.es\\\/comparativa\\\/como-elegir-la-medida-de-un-nordico\\\/#respond\"]}]},{\"@type\":\"WebPage\",\"@id\":\"https:\\\/\\\/www.colchones.es\\\/comparativa\\\/como-elegir-la-medida-de-un-nordico\\\/\",\"url\":\"https:\\\/\\\/www.colchones.es\\\/comparativa\\\/como-elegir-la-medida-de-un-nordico\\\/\",\"name\":\"C\u00f3mo elegir la medida de un n\u00f3rdico - Colchones.es\",\"isPartOf\":{\"@id\":\"https:\\\/\\\/www.colchones.es\\\/comparativa\\\/#website\"},\"primaryImageOfPage\":{\"@id\":\"https:\\\/\\\/www.colchones.es\\\/comparativa\\\/como-elegir-la-medida-de-un-nordico\\\/#primaryimage\"},\"image\":{\"@id\":\"https:\\\/\\\/www.colchones.es\\\/comparativa\\\/como-elegir-la-medida-de-un-nordico\\\/#primaryimage\"},\"thumbnailUrl\":\"https:\\\/\\\/www.colchones.es\\\/comparativa\\\/wp-content\\\/uploads\\\/2025\\\/03\\\/medidas-nordicos-cama.jpg\",\"datePublished\":\"2025-03-26T15:30:25+00:00\",\"dateModified\":\"2025-03-26T15:30:46+00:00\",\"author\":{\"@id\":\"https:\\\/\\\/www.colchones.es\\\/comparativa\\\/#\\\/schema\\\/person\\\/4c53aefddb56b6c33d7b45341e0bc263\"},\"description\":\"En Colchones.es te explicamos c\u00f3mo elegir la medida de un n\u00f3rdico. Descubre tama\u00f1o adecuado del n\u00f3rdico en funci\u00f3n de la medida de tu cama.\",\"breadcrumb\":{\"@id\":\"https:\\\/\\\/www.colchones.es\\\/comparativa\\\/como-elegir-la-medida-de-un-nordico\\\/#breadcrumb\"},\"inLanguage\":\"es\",\"potentialAction\":[{\"@type\":\"ReadAction\",\"target\":[\"https:\\\/\\\/www.colchones.es\\\/comparativa\\\/como-elegir-la-medida-de-un-nordico\\\/\"]}]},{\"@type\":\"ImageObject\",\"inLanguage\":\"es\",\"@id\":\"https:\\\/\\\/www.colchones.es\\\/comparativa\\\/como-elegir-la-medida-de-un-nordico\\\/#primaryimage\",\"url\":\"https:\\\/\\\/www.colchones.es\\\/comparativa\\\/wp-content\\\/uploads\\\/2025\\\/03\\\/medidas-nordicos-cama.jpg\",\"contentUrl\":\"https:\\\/\\\/www.colchones.es\\\/comparativa\\\/wp-content\\\/uploads\\\/2025\\\/03\\\/medidas-nordicos-cama.jpg\",\"width\":818,\"height\":418},{\"@type\":\"BreadcrumbList\",\"@id\":\"https:\\\/\\\/www.colchones.es\\\/comparativa\\\/como-elegir-la-medida-de-un-nordico\\\/#breadcrumb\",\"itemListElement\":[{\"@type\":\"ListItem\",\"position\":1,\"name\":\"Portada\",\"item\":\"https:\\\/\\\/www.colchones.es\\\/comparativa\\\/\"},{\"@type\":\"ListItem\",\"position\":2,\"name\":\"C\u00f3mo elegir la medida de un n\u00f3rdico\"}]},{\"@type\":\"WebSite\",\"@id\":\"https:\\\/\\\/www.colchones.es\\\/comparativa\\\/#website\",\"url\":\"https:\\\/\\\/www.colchones.es\\\/comparativa\\\/\",\"name\":\"\",\"description\":\"\",\"potentialAction\":[{\"@type\":\"SearchAction\",\"target\":{\"@type\":\"EntryPoint\",\"urlTemplate\":\"https:\\\/\\\/www.colchones.es\\\/comparativa\\\/?s={search_term_string}\"},\"query-input\":{\"@type\":\"PropertyValueSpecification\",\"valueRequired\":true,\"valueName\":\"search_term_string\"}}],\"inLanguage\":\"es\"},{\"@type\":\"Person\",\"@id\":\"https:\\\/\\\/www.colchones.es\\\/comparativa\\\/#\\\/schema\\\/person\\\/4c53aefddb56b6c33d7b45341e0bc263\",\"name\":\"Inma Molt\u00f3\",\"image\":{\"@type\":\"ImageObject\",\"inLanguage\":\"es\",\"@id\":\"https:\\\/\\\/secure.gravatar.com\\\/avatar\\\/e8912f62e21f2b34f8bcbb67630cfc6b96c1c1608a927f6aec45082384d65476?s=96&r=g\",\"url\":\"https:\\\/\\\/secure.gravatar.com\\\/avatar\\\/e8912f62e21f2b34f8bcbb67630cfc6b96c1c1608a927f6aec45082384d65476?s=96&r=g\",\"contentUrl\":\"https:\\\/\\\/secure.gravatar.com\\\/avatar\\\/e8912f62e21f2b34f8bcbb67630cfc6b96c1c1608a927f6aec45082384d65476?s=96&r=g\",\"caption\":\"Inma Molt\u00f3\"},\"sameAs\":[\"http:\\\/\\\/www.periodistasocialmedia.com\"],\"url\":\"https:\\\/\\\/www.colchones.es\\\/comparativa\\\/author\\\/inma\\\/\"}]}<\/script>\n<!-- \/ Yoast SEO plugin. -->","yoast_head_json":{"title":"C\u00f3mo elegir la medida de un n\u00f3rdico - Colchones.es","description":"En Colchones.es te explicamos c\u00f3mo elegir la medida de un n\u00f3rdico. Descubre tama\u00f1o adecuado del n\u00f3rdico en funci\u00f3n de la medida de tu cama.","robots":{"index":"index","follow":"follow","max-snippet":"max-snippet:-1","max-image-preview":"max-image-preview:large","max-video-preview":"max-video-preview:-1"},"canonical":"https:\/\/www.colchones.es\/comparativa\/como-elegir-la-medida-de-un-nordico\/","twitter_card":"summary_large_image","twitter_title":"C\u00f3mo elegir la medida de un n\u00f3rdico - Colchones.es","twitter_description":"En Colchones.es te explicamos c\u00f3mo elegir la medida de un n\u00f3rdico. Descubre tama\u00f1o adecuado del n\u00f3rdico en funci\u00f3n de la medida de tu cama.","twitter_image":"https:\/\/www.colchones.es\/comparativa\/wp-content\/uploads\/2025\/03\/medidas-nordicos-cama.jpg","twitter_misc":{"Escrito por":"Inma Molt\u00f3","Tiempo de lectura":"5 minutos"},"schema":{"@context":"https:\/\/schema.org","@graph":[{"@type":"Article","@id":"https:\/\/www.colchones.es\/comparativa\/como-elegir-la-medida-de-un-nordico\/#article","isPartOf":{"@id":"https:\/\/www.colchones.es\/comparativa\/como-elegir-la-medida-de-un-nordico\/"},"author":{"name":"Inma Molt\u00f3","@id":"https:\/\/www.colchones.es\/comparativa\/#\/schema\/person\/4c53aefddb56b6c33d7b45341e0bc263"},"headline":"C\u00f3mo elegir la medida de un n\u00f3rdico","datePublished":"2025-03-26T15:30:25+00:00","dateModified":"2025-03-26T15:30:46+00:00","mainEntityOfPage":{"@id":"https:\/\/www.colchones.es\/comparativa\/como-elegir-la-medida-de-un-nordico\/"},"wordCount":1101,"commentCount":0,"image":{"@id":"https:\/\/www.colchones.es\/comparativa\/como-elegir-la-medida-de-un-nordico\/#primaryimage"},"thumbnailUrl":"https:\/\/www.colchones.es\/comparativa\/wp-content\/uploads\/2025\/03\/medidas-nordicos-cama.jpg","keywords":["medida n\u00f3rdico cama 180","medidas funda n\u00f3rdica cama 105","medidas funda n\u00f3rdica cama 135","medidas funda n\u00f3rdica cama de 90","medidas n\u00f3rdico cama 135","medidas n\u00f3rdico cama 90","que tama\u00f1o de funda n\u00f3rdica para cama de 150","tama\u00f1o de n\u00f3rdicos","tama\u00f1o funda n\u00f3rdica cama 150"],"articleSection":["N\u00f3rdicos"],"inLanguage":"es","potentialAction":[{"@type":"CommentAction","name":"Comment","target":["https:\/\/www.colchones.es\/comparativa\/como-elegir-la-medida-de-un-nordico\/#respond"]}]},{"@type":"WebPage","@id":"https:\/\/www.colchones.es\/comparativa\/como-elegir-la-medida-de-un-nordico\/","url":"https:\/\/www.colchones.es\/comparativa\/como-elegir-la-medida-de-un-nordico\/","name":"C\u00f3mo elegir la medida de un n\u00f3rdico - Colchones.es","isPartOf":{"@id":"https:\/\/www.colchones.es\/comparativa\/#website"},"primaryImageOfPage":{"@id":"https:\/\/www.colchones.es\/comparativa\/como-elegir-la-medida-de-un-nordico\/#primaryimage"},"image":{"@id":"https:\/\/www.colchones.es\/comparativa\/como-elegir-la-medida-de-un-nordico\/#primaryimage"},"thumbnailUrl":"https:\/\/www.colchones.es\/comparativa\/wp-content\/uploads\/2025\/03\/medidas-nordicos-cama.jpg","datePublished":"2025-03-26T15:30:25+00:00","dateModified":"2025-03-26T15:30:46+00:00","author":{"@id":"https:\/\/www.colchones.es\/comparativa\/#\/schema\/person\/4c53aefddb56b6c33d7b45341e0bc263"},"description":"En Colchones.es te explicamos c\u00f3mo elegir la medida de un n\u00f3rdico. Descubre tama\u00f1o adecuado del n\u00f3rdico en funci\u00f3n de la medida de tu cama.","breadcrumb":{"@id":"https:\/\/www.colchones.es\/comparativa\/como-elegir-la-medida-de-un-nordico\/#breadcrumb"},"inLanguage":"es","potentialAction":[{"@type":"ReadAction","target":["https:\/\/www.colchones.es\/comparativa\/como-elegir-la-medida-de-un-nordico\/"]}]},{"@type":"ImageObject","inLanguage":"es","@id":"https:\/\/www.colchones.es\/comparativa\/como-elegir-la-medida-de-un-nordico\/#primaryimage","url":"https:\/\/www.colchones.es\/comparativa\/wp-content\/uploads\/2025\/03\/medidas-nordicos-cama.jpg","contentUrl":"https:\/\/www.colchones.es\/comparativa\/wp-content\/uploads\/2025\/03\/medidas-nordicos-cama.jpg","width":818,"height":418},{"@type":"BreadcrumbList","@id":"https:\/\/www.colchones.es\/comparativa\/como-elegir-la-medida-de-un-nordico\/#breadcrumb","itemListElement":[{"@type":"ListItem","position":1,"name":"Portada","item":"https:\/\/www.colchones.es\/comparativa\/"},{"@type":"ListItem","position":2,"name":"C\u00f3mo elegir la medida de un n\u00f3rdico"}]},{"@type":"WebSite","@id":"https:\/\/www.colchones.es\/comparativa\/#website","url":"https:\/\/www.colchones.es\/comparativa\/","name":"","description":"","potentialAction":[{"@type":"SearchAction","target":{"@type":"EntryPoint","urlTemplate":"https:\/\/www.colchones.es\/comparativa\/?s={search_term_string}"},"query-input":{"@type":"PropertyValueSpecification","valueRequired":true,"valueName":"search_term_string"}}],"inLanguage":"es"},{"@type":"Person","@id":"https:\/\/www.colchones.es\/comparativa\/#\/schema\/person\/4c53aefddb56b6c33d7b45341e0bc263","name":"Inma Molt\u00f3","image":{"@type":"ImageObject","inLanguage":"es","@id":"https:\/\/secure.gravatar.com\/avatar\/e8912f62e21f2b34f8bcbb67630cfc6b96c1c1608a927f6aec45082384d65476?s=96&r=g","url":"https:\/\/secure.gravatar.com\/avatar\/e8912f62e21f2b34f8bcbb67630cfc6b96c1c1608a927f6aec45082384d65476?s=96&r=g","contentUrl":"https:\/\/secure.gravatar.com\/avatar\/e8912f62e21f2b34f8bcbb67630cfc6b96c1c1608a927f6aec45082384d65476?s=96&r=g","caption":"Inma Molt\u00f3"},"sameAs":["http:\/\/www.periodistasocialmedia.com"],"url":"https:\/\/www.colchones.es\/comparativa\/author\/inma\/"}]}},"_links":{"self":[{"href":"https:\/\/www.colchones.es\/comparativa\/wp-json\/wp\/v2\/posts\/4844","targetHints":{"allow":["GET"]}}],"collection":[{"href":"https:\/\/www.colchones.es\/comparativa\/wp-json\/wp\/v2\/posts"}],"about":[{"href":"https:\/\/www.colchones.es\/comparativa\/wp-json\/wp\/v2\/types\/post"}],"author":[{"embeddable":true,"href":"https:\/\/www.colchones.es\/comparativa\/wp-json\/wp\/v2\/users\/2"}],"replies":[{"embeddable":true,"href":"https:\/\/www.colchones.es\/comparativa\/wp-json\/wp\/v2\/comments?post=4844"}],"version-history":[{"count":14,"href":"https:\/\/www.colchones.es\/comparativa\/wp-json\/wp\/v2\/posts\/4844\/revisions"}],"predecessor-version":[{"id":4858,"href":"https:\/\/www.colchones.es\/comparativa\/wp-json\/wp\/v2\/posts\/4844\/revisions\/4858"}],"wp:attachment":[{"href":"https:\/\/www.colchones.es\/comparativa\/wp-json\/wp\/v2\/media?parent=4844"}],"wp:term":[{"taxonomy":"category","embeddable":true,"href":"https:\/\/www.colchones.es\/comparativa\/wp-json\/wp\/v2\/categories?post=4844"},{"taxonomy":"post_tag","embeddable":true,"href":"https:\/\/www.colchones.es\/comparativa\/wp-json\/wp\/v2\/tags?post=4844"}],"curies":[{"name":"wp","href":"https:\/\/api.w.org\/{rel}","templated":true}]}}